{"id":85483,"date":"2025-10-07T10:23:00","date_gmt":"2025-10-07T16:23:00","guid":{"rendered":"https:\/\/zonaroja.com.mx\/?p=85483"},"modified":"2025-10-07T07:20:23","modified_gmt":"2025-10-07T13:20:23","slug":"mario-delgado-debe-explicacion-sobre-incorporacion-de-murat-a-morena-sjc","status":"publish","type":"post","link":"https:\/\/zonaroja.com.mx\/?p=85483","title":{"rendered":"Mario Delgado debe explicaci\u00f3n sobre incorporaci\u00f3n de Murat a Morena: SJC"},"content":{"rendered":"\n<p>Ismael Garc\u00eda M.\/Zona Roja.<\/p>\n\n\n\n<p>Oaxaca, Oax., a 7 de octubre de 2025.- \u201cYo espero que lo haga y que permita que este gran movimiento siga su camino, no es refugio de pr\u00e1cticas pol\u00edticas incorrectas\u201d.<\/p>\n\n\n\n<p>As\u00ed se pronunci\u00f3 ayer el gobernador de Oaxaca respecto a la militancia de Alejandro Murat Hinojosa, ex gobernador priista de la entidad y senador morenista, al reiterar que debe renunciar a Morena.<\/p>\n\n\n\n<p>\u201cAqu\u00ed lo he hecho p\u00fablico, que Mario Delgado cuando era presidente del comit\u00e9 nacional de Morena, nos debe una explicaci\u00f3n, por qu\u00e9 se le permiti\u00f3 la afiliaci\u00f3n a este se\u00f1or (Alejandro Murat), por qu\u00e9 se le dio la afiliaci\u00f3n\u201d, dijo.<\/p>\n\n\n\n<p>Durante la conferencia de prensa de este lunes, sostuvo que no estuvo de acuerdo en que el hijo de Jos\u00e9 Murat fuera ingresado al Partido Morena.<\/p>\n\n\n\n<p>\u201cY sigo en esa posici\u00f3n, yo no estuve de acuerdo, no estoy de acuerdo; mejor dicho, las bases con quien tengo contacto, comunicaci\u00f3n, pues nadie est\u00e1 de acuerdo y ellos, las bases, el comit\u00e9 estatal, van a continuar exigiendo que se retire, por decencia deber\u00eda retirarse, por decencia.<\/p>\n\n\n\n<p>\u201cYo espero que lo haga y que permita que este gran movimiento siga su camino, no es refugio de pr\u00e1cticas pol\u00edticas incorrectas\u201d, indic\u00f3 a la pregunta expresada.<\/p>\n\n\n\n<p>Alejandro Murat gobern\u00f3 Oaxaca por el Partido Revolucionario Institucional en el periodismo de 2016 a 2022; durante ese lapso, mantuvo relaci\u00f3n estrecha tanto con el entonces Presidente Enrique Pe\u00f1a Nieto, su mentor en el Estado de M\u00e9xico, de donde es originario.<\/p>\n\n\n\n<p>As\u00ed como con Andr\u00e9s Manuel L\u00f3pez Obrador, quien le tuvo amplias consideraciones pol\u00edticas y lo recomend\u00f3 para que lograra por la v\u00eda plurinominal un esca\u00f1o al Senado de la Rep\u00fablica, ahora por el Partido Morena.<\/p>\n","protected":false},"excerpt":{"rendered":"<p>Ismael Garc\u00eda M.\/Zona Roja. Oaxaca, Oax., a 7 de octubre de 2025.- \u201cYo espero que&hellip;<\/p>\n","protected":false},"author":2,"featured_media":77622,"comment_status":"closed","ping_status":"open","sticky":false,"template":"","format":"standard","meta":{"_lmt_disableupdate":"","_lmt_disable":"","_jetpack_memberships_contains_paid_content":false,"footnotes":""},"categories":[109,46],"tags":[939],"class_list":["post-85483","post","type-post","status-publish","format-standard","has-post-thumbnail","hentry","category-minuto-a-minuto","category-zona-blanca","tag-salomon-jara-cruz"],"jetpack_featured_media_url":"https:\/\/zonaroja.com.mx\/wp-content\/uploads\/2025\/02\/Salomon-Jara-Conferencia-de-prensa.jpeg","jetpack_sharing_enabled":true,"_links":{"self":[{"href":"https:\/\/zonaroja.com.mx\/index.php?rest_route=\/wp\/v2\/posts\/85483","targetHints":{"allow":["GET"]}}],"collection":[{"href":"https:\/\/zonaroja.com.mx\/index.php?rest_route=\/wp\/v2\/posts"}],"about":[{"href":"https:\/\/zonaroja.com.mx\/index.php?rest_route=\/wp\/v2\/types\/post"}],"author":[{"embeddable":true,"href":"https:\/\/zonaroja.com.mx\/index.php?rest_route=\/wp\/v2\/users\/2"}],"replies":[{"embeddable":true,"href":"https:\/\/zonaroja.com.mx\/index.php?rest_route=%2Fwp%2Fv2%2Fcomments&post=85483"}],"version-history":[{"count":1,"href":"https:\/\/zonaroja.com.mx\/index.php?rest_route=\/wp\/v2\/posts\/85483\/revisions"}],"predecessor-version":[{"id":85484,"href":"https:\/\/zonaroja.com.mx\/index.php?rest_route=\/wp\/v2\/posts\/85483\/revisions\/85484"}],"wp:featuredmedia":[{"embeddable":true,"href":"https:\/\/zonaroja.com.mx\/index.php?rest_route=\/wp\/v2\/media\/77622"}],"wp:attachment":[{"href":"https:\/\/zonaroja.com.mx\/index.php?rest_route=%2Fwp%2Fv2%2Fmedia&parent=85483"}],"wp:term":[{"taxonomy":"category","embeddable":true,"href":"https:\/\/zonaroja.com.mx\/index.php?rest_route=%2Fwp%2Fv2%2Fcategories&post=85483"},{"taxonomy":"post_tag","embeddable":true,"href":"https:\/\/zonaroja.com.mx\/index.php?rest_route=%2Fwp%2Fv2%2Ftags&post=85483"}],"curies":[{"name":"wp","href":"https:\/\/api.w.org\/{rel}","templated":true}]}}