{"id":85485,"date":"2025-10-07T11:21:00","date_gmt":"2025-10-07T17:21:00","guid":{"rendered":"https:\/\/zonaroja.com.mx\/?p=85485"},"modified":"2025-10-07T07:24:33","modified_gmt":"2025-10-07T13:24:33","slug":"ante-sheinbaum-periodista-denuncia-amenazas-del-gobierno-de-slp","status":"publish","type":"post","link":"https:\/\/zonaroja.com.mx\/?p=85485","title":{"rendered":"Ante Sheinbaum, periodista denuncia amenazas del gobierno de SLP"},"content":{"rendered":"\n<p>Redacci\u00f3n\/Zona Roja.<\/p>\n\n\n\n<p>(Informaci\u00f3n de \u201cEl Financiero\u201d)<\/p>\n\n\n\n<p>Ciudad de M\u00e9xico, a 7 de octubre de 2025.- Durante la conferencia \u2018ma\u00f1anera\u2019 de la presidenta Sheinbaum, una reportera denunci\u00f3 haber sido v\u00edctima de un atentado en San Luis Potos\u00ed hace unos d\u00edas y asegur\u00f3 que tiene que ver con la molestia del gobernador, Ricardo Gallardo, tras exhibir una red de espionaje en la entidad.<\/p>\n\n\n\n<p>La periodista Anah\u00ed Torres denunci\u00f3 que el 2 de octubre fue v\u00edctima de un atentado en San Luis Potos\u00ed al salir de su oficina.<\/p>\n\n\n\n<p>\u201cCuatro hombres con armas largas me interceptaron afuera de mi oficina. Hicieron amenazas directas hacia m\u00ed y hacia dos periodistas m\u00e1s: Omar Ni\u00f1o y Carlos Dom\u00ednguez\u201d, denunci\u00f3 la reportera.<\/p>\n\n\n\n<p>Anah\u00ed Torres asegur\u00f3 que dicho ataque ocurri\u00f3 tras la publicaci\u00f3n de una serie de reportajes donde se documenta una red de espionaje en el estado.<\/p>\n\n\n\n<p>\u201cPor su alcance en las redes sociales por su contenido incomodaron al gobernador Ricardo Gallardo y al secretario de Gobierno, Guadalupe Torres S\u00e1nchez\u201d, agreg\u00f3 la reportera, quien denunci\u00f3 que no se trat\u00f3 de un caso aislado.<\/p>\n","protected":false},"excerpt":{"rendered":"<p>Redacci\u00f3n\/Zona Roja. (Informaci\u00f3n de \u201cEl Financiero\u201d) Ciudad de M\u00e9xico, a 7 de octubre de 2025.-&hellip;<\/p>\n","protected":false},"author":2,"featured_media":85487,"comment_status":"closed","ping_status":"open","sticky":false,"template":"","format":"standard","meta":{"_lmt_disableupdate":"","_lmt_disable":"","_jetpack_memberships_contains_paid_content":false,"footnotes":""},"categories":[109,47],"tags":[4478],"class_list":["post-85485","post","type-post","status-publish","format-standard","has-post-thumbnail","hentry","category-minuto-a-minuto","category-zona-gris","tag-periodista-anahi-torres"],"jetpack_featured_media_url":"https:\/\/zonaroja.com.mx\/wp-content\/uploads\/2025\/10\/CHL65R524VERZKLEOQ55NOZTF4.jpg.jpg","jetpack_sharing_enabled":true,"_links":{"self":[{"href":"https:\/\/zonaroja.com.mx\/index.php?rest_route=\/wp\/v2\/posts\/85485","targetHints":{"allow":["GET"]}}],"collection":[{"href":"https:\/\/zonaroja.com.mx\/index.php?rest_route=\/wp\/v2\/posts"}],"about":[{"href":"https:\/\/zonaroja.com.mx\/index.php?rest_route=\/wp\/v2\/types\/post"}],"author":[{"embeddable":true,"href":"https:\/\/zonaroja.com.mx\/index.php?rest_route=\/wp\/v2\/users\/2"}],"replies":[{"embeddable":true,"href":"https:\/\/zonaroja.com.mx\/index.php?rest_route=%2Fwp%2Fv2%2Fcomments&post=85485"}],"version-history":[{"count":1,"href":"https:\/\/zonaroja.com.mx\/index.php?rest_route=\/wp\/v2\/posts\/85485\/revisions"}],"predecessor-version":[{"id":85488,"href":"https:\/\/zonaroja.com.mx\/index.php?rest_route=\/wp\/v2\/posts\/85485\/revisions\/85488"}],"wp:featuredmedia":[{"embeddable":true,"href":"https:\/\/zonaroja.com.mx\/index.php?rest_route=\/wp\/v2\/media\/85487"}],"wp:attachment":[{"href":"https:\/\/zonaroja.com.mx\/index.php?rest_route=%2Fwp%2Fv2%2Fmedia&parent=85485"}],"wp:term":[{"taxonomy":"category","embeddable":true,"href":"https:\/\/zonaroja.com.mx\/index.php?rest_route=%2Fwp%2Fv2%2Fcategories&post=85485"},{"taxonomy":"post_tag","embeddable":true,"href":"https:\/\/zonaroja.com.mx\/index.php?rest_route=%2Fwp%2Fv2%2Ftags&post=85485"}],"curies":[{"name":"wp","href":"https:\/\/api.w.org\/{rel}","templated":true}]}}