{"id":85491,"date":"2025-10-07T13:32:00","date_gmt":"2025-10-07T19:32:00","guid":{"rendered":"https:\/\/zonaroja.com.mx\/?p=85491"},"modified":"2025-10-07T07:36:07","modified_gmt":"2025-10-07T13:36:07","slug":"opinion-la-paz-como-discurso","status":"publish","type":"post","link":"https:\/\/zonaroja.com.mx\/?p=85491","title":{"rendered":"Opini\u00f3n. La paz como discurso"},"content":{"rendered":"\n<p>Isidoro Yescas*<\/p>\n\n\n\n<p>Cuando en diciembre del 2022 el gobernador Salom\u00f3n Jara sostuvo un encuentro con los liderazgos del MULT, MULTI y Ubisort, su meta era ser el primer gobernador de Oaxaca que sembrara la semilla de la paz en la zona triqui, con una larga e interminable data de asesinatos, violencia y exterminio inter\u00e9tnico.&nbsp;<\/p>\n\n\n\n<p>A punto de cumplirse tres a\u00f1os de aquel fallido intento, en su conferencia ma\u00f1anera del lunes 6 de este mes, desliz\u00f3 sobre la posibilidad de regresar a la zona,&nbsp;tal&nbsp;vez&nbsp;en Copala, dijo, para un encuentro similar.&nbsp;<\/p>\n\n\n\n<p>El problema es que si&nbsp;su&nbsp;gobierno&nbsp;no&nbsp;cuenta con un plan, con una estrategia de corto y mediano plazo para la pacificaci\u00f3n de&nbsp;la zona, estar\u00eda, literalmente, perdiendo el tiempo, al menos que lo que busque es, otra vez, la foto y la nota de ocho columnas.&nbsp;<\/p>\n\n\n\n<p>Y,por&nbsp;supuesto, que&nbsp;lo necesita si se toma en cuenta que pese a las decenas de millones de pesos invertidos por el Poder Ejecutivo en consultor\u00edas de marketing y medios de comunicaci\u00f3n nacionales,&nbsp;las encuestas lo siguen ubicando con bajos niveles de aceptaci\u00f3n ciudadana.&nbsp;<\/p>\n\n\n\n<p>De diciembre del 2022 a la fecha, las a\u00f1ejas rivalidades y venganzas entre militantes del MULT y&nbsp;MULTI,&nbsp;fundamentalmente, no han tenido tregua. Para colmo, la divisi\u00f3n ya visible en la estructura directiva del MULT es un ingrediente que ha dificultado a\u00fan m\u00e1s un acuerdo pol\u00edtico en la convulsionada zona triqui. &nbsp;<\/p>\n\n\n\n<p>Con todo, de primera intenci\u00f3n Jara tiene ganas de insistir en otro convenio de paz&nbsp;(de papel) .&nbsp;<\/p>\n\n\n\n<p>Y por&nbsp;cierto, &nbsp;otros&nbsp;gobernadores del viejo r\u00e9gimen (\u00bfo sigue siendo el mismo?)&nbsp;como Heladio Ram\u00edrez (1986-1992) y Di\u00f3doro Carrasco (1992-1998) hicieron su lucha y llegaron hasta pernoctar en pueblos de la zona triqui.&nbsp;<\/p>\n\n\n\n<p>Y desde entonces ya &nbsp;los esfuerzos de pacificaci\u00f3n estaban en la agenda gubernamental.&nbsp;<\/p>\n\n\n\n<p>*Maestro en Sociolog\u00eda y periodista.<\/p>\n\n\n\n<p>X: @YescasIsidoro &nbsp; &nbsp; &nbsp; &nbsp;<\/p>\n\n\n\n<p>Faceboock:IsidoroYescas<\/p>\n","protected":false},"excerpt":{"rendered":"<p>Isidoro Yescas* Cuando en diciembre del 2022 el gobernador Salom\u00f3n Jara sostuvo un encuentro con&hellip;<\/p>\n","protected":false},"author":2,"featured_media":71623,"comment_status":"closed","ping_status":"open","sticky":false,"template":"","format":"standard","meta":{"_lmt_disableupdate":"","_lmt_disable":"","_jetpack_memberships_contains_paid_content":false,"footnotes":""},"categories":[456,109],"tags":[3998],"class_list":["post-85491","post","type-post","status-publish","format-standard","has-post-thumbnail","hentry","category-columna","category-minuto-a-minuto","tag-isidoro-yescas-martinez"],"jetpack_featured_media_url":"https:\/\/zonaroja.com.mx\/wp-content\/uploads\/2024\/08\/Opinion.-Isidoro-Yescas.jpg","jetpack_sharing_enabled":true,"_links":{"self":[{"href":"https:\/\/zonaroja.com.mx\/index.php?rest_route=\/wp\/v2\/posts\/85491","targetHints":{"allow":["GET"]}}],"collection":[{"href":"https:\/\/zonaroja.com.mx\/index.php?rest_route=\/wp\/v2\/posts"}],"about":[{"href":"https:\/\/zonaroja.com.mx\/index.php?rest_route=\/wp\/v2\/types\/post"}],"author":[{"embeddable":true,"href":"https:\/\/zonaroja.com.mx\/index.php?rest_route=\/wp\/v2\/users\/2"}],"replies":[{"embeddable":true,"href":"https:\/\/zonaroja.com.mx\/index.php?rest_route=%2Fwp%2Fv2%2Fcomments&post=85491"}],"version-history":[{"count":1,"href":"https:\/\/zonaroja.com.mx\/index.php?rest_route=\/wp\/v2\/posts\/85491\/revisions"}],"predecessor-version":[{"id":85492,"href":"https:\/\/zonaroja.com.mx\/index.php?rest_route=\/wp\/v2\/posts\/85491\/revisions\/85492"}],"wp:featuredmedia":[{"embeddable":true,"href":"https:\/\/zonaroja.com.mx\/index.php?rest_route=\/wp\/v2\/media\/71623"}],"wp:attachment":[{"href":"https:\/\/zonaroja.com.mx\/index.php?rest_route=%2Fwp%2Fv2%2Fmedia&parent=85491"}],"wp:term":[{"taxonomy":"category","embeddable":true,"href":"https:\/\/zonaroja.com.mx\/index.php?rest_route=%2Fwp%2Fv2%2Fcategories&post=85491"},{"taxonomy":"post_tag","embeddable":true,"href":"https:\/\/zonaroja.com.mx\/index.php?rest_route=%2Fwp%2Fv2%2Ftags&post=85491"}],"curies":[{"name":"wp","href":"https:\/\/api.w.org\/{rel}","templated":true}]}}