{"id":85495,"date":"2025-10-07T14:41:00","date_gmt":"2025-10-07T20:41:00","guid":{"rendered":"https:\/\/zonaroja.com.mx\/?p=85495"},"modified":"2025-10-07T15:21:39","modified_gmt":"2025-10-07T21:21:39","slug":"todo-listo-para-el-festival-del-mole-de-caderas-y-la-guelaguetza-nuu-savi","status":"publish","type":"post","link":"https:\/\/zonaroja.com.mx\/?p=85495","title":{"rendered":"Todo listo para el Festival del Mole de Caderas y la Guelaguetza \u00d1uu Savi"},"content":{"rendered":"\n<p>Redacci\u00f3n\/Zona Roja.&nbsp;<\/p>\n\n\n\n<p>Oaxaca, Oax., a 7 de octubre de 2025.- La Secretar\u00eda de Turismo (Sectur Oaxaca) asegura que todo est\u00e1 listo para la celebraci\u00f3n del Festival del Mole de Caderas y la Guelaguetza \u201c\u00d1uu Savi\u201d 2025, que se llevar\u00e1n a cabo en la capital oaxaque\u00f1a y la Heroica Ciudad de Huajuapan de Le\u00f3n del 10 al 12 de octubre.<\/p>\n\n\n\n<p>La titular de la dependencia, Saymi Pineda Velasco dio a conocer que estas celebraciones ser\u00e1n un fest\u00edn de historia, cultura y sabor, para la cual se estima un arribo acumulado de 23 mil 800 turistas y una derrama econ\u00f3mica de 84 millones de pesos.<\/p>\n\n\n\n<p>Adem\u00e1s, record\u00f3 que desde julio de 2023 este platillo fue reconocido como Patrimonio Gastron\u00f3mico y Cultural de Oaxaca, que por tercer a\u00f1o consecutivo se celebrar\u00e1 tanto en la capital del estado, como en Huajuapan de Le\u00f3n, para encausar a los visitantes hacia la regi\u00f3n Mixteca.<\/p>\n\n\n\n<p>El festival iniciar\u00e1 en la Plaza de la Danza, donde del 10 al 12 de octubre en un horario de 12:00 a 18:00 horas, la poblaci\u00f3n podr\u00e1 visitar 20 stands gastron\u00f3micos y 5 de artesan\u00edas, adem\u00e1s de presenciar una muestra de la Guelaguetza \u201c\u00d1uu Savi\u201d el 10 de octubre a las 16:00 horas.<\/p>\n\n\n\n<p>Mientras que, en Huajuapan de Le\u00f3n el festival se realizar\u00e1 el 11 de octubre a partir de las 13:00 horas. Las personas podr\u00e1n ser part\u00edcipes de la Calenda Cultural, que despu\u00e9s dar\u00e1 paso a la Guelaguetza \u201c\u00d1uu Savi\u201d a las 16:00 horas.<\/p>\n\n\n\n<p>Cabe destacar que las y los visitantes podr\u00e1n seguir degustando de este platillo hasta el 9 de noviembre en distintos restaurantes de Huajuapan de Le\u00f3n.<\/p>\n\n\n\n<p>Estas festividades se suman a otras como el Circuito de Rodeo \u201c\u00d1uu Savi\u201d en Huajuapan de Le\u00f3n que se efectuar\u00e1 el 11 de octubre; el Festival de la Barbacoa y la Cerveza Artesanal en Villa Tej\u00fapam de la Uni\u00f3n y el Concierto de M\u00fasica Tradicional en la Capilla abierta de Teposcolula el 12 de octubre; mientras que el Festival del Mole Negro ser\u00e1 el 18 de octubre en Tlaxiaco.<\/p>\n","protected":false},"excerpt":{"rendered":"<p>Redacci\u00f3n\/Zona Roja.&nbsp; Oaxaca, Oax., a 7 de octubre de 2025.- La Secretar\u00eda de Turismo (Sectur&hellip;<\/p>\n","protected":false},"author":2,"featured_media":85478,"comment_status":"closed","ping_status":"open","sticky":false,"template":"","format":"standard","meta":{"_lmt_disableupdate":"","_lmt_disable":"","_jetpack_memberships_contains_paid_content":false,"footnotes":""},"categories":[109,46],"tags":[2714,1031],"class_list":["post-85495","post","type-post","status-publish","format-standard","has-post-thumbnail","hentry","category-minuto-a-minuto","category-zona-blanca","tag-saymi-pineda-velasco","tag-secretaria-de-turismo-oaxaca"],"jetpack_featured_media_url":"https:\/\/zonaroja.com.mx\/wp-content\/uploads\/2025\/10\/Saymi-Pineda-mole-de-cadera.jpg","jetpack_sharing_enabled":true,"_links":{"self":[{"href":"https:\/\/zonaroja.com.mx\/index.php?rest_route=\/wp\/v2\/posts\/85495","targetHints":{"allow":["GET"]}}],"collection":[{"href":"https:\/\/zonaroja.com.mx\/index.php?rest_route=\/wp\/v2\/posts"}],"about":[{"href":"https:\/\/zonaroja.com.mx\/index.php?rest_route=\/wp\/v2\/types\/post"}],"author":[{"embeddable":true,"href":"https:\/\/zonaroja.com.mx\/index.php?rest_route=\/wp\/v2\/users\/2"}],"replies":[{"embeddable":true,"href":"https:\/\/zonaroja.com.mx\/index.php?rest_route=%2Fwp%2Fv2%2Fcomments&post=85495"}],"version-history":[{"count":1,"href":"https:\/\/zonaroja.com.mx\/index.php?rest_route=\/wp\/v2\/posts\/85495\/revisions"}],"predecessor-version":[{"id":85496,"href":"https:\/\/zonaroja.com.mx\/index.php?rest_route=\/wp\/v2\/posts\/85495\/revisions\/85496"}],"wp:featuredmedia":[{"embeddable":true,"href":"https:\/\/zonaroja.com.mx\/index.php?rest_route=\/wp\/v2\/media\/85478"}],"wp:attachment":[{"href":"https:\/\/zonaroja.com.mx\/index.php?rest_route=%2Fwp%2Fv2%2Fmedia&parent=85495"}],"wp:term":[{"taxonomy":"category","embeddable":true,"href":"https:\/\/zonaroja.com.mx\/index.php?rest_route=%2Fwp%2Fv2%2Fcategories&post=85495"},{"taxonomy":"post_tag","embeddable":true,"href":"https:\/\/zonaroja.com.mx\/index.php?rest_route=%2Fwp%2Fv2%2Ftags&post=85495"}],"curies":[{"name":"wp","href":"https:\/\/api.w.org\/{rel}","templated":true}]}}