{"id":85500,"date":"2025-10-07T17:32:56","date_gmt":"2025-10-07T23:32:56","guid":{"rendered":"https:\/\/zonaroja.com.mx\/?p=85500"},"modified":"2025-10-07T17:32:58","modified_gmt":"2025-10-07T23:32:58","slug":"denuncian-graves-irregularidades-en-cecyte-de-villa-de-tututepec","status":"publish","type":"post","link":"https:\/\/zonaroja.com.mx\/?p=85500","title":{"rendered":"Denuncian graves irregularidades en Cecyte de Villa de Tututepec"},"content":{"rendered":"\n<p>Raymundo Morales\/Zona Roja.<\/p>\n\n\n\n<p>Oaxaca, Oax., a 7 de octubre de 2025.- Padres de familia y la comunidad estudiantil denunciaron graves irregularidades en el plantel 04 del Colegio de Estudios Cient\u00edficos y Tecnol\u00f3gicos de Oaxaca (Cecyte), ubicado en el municipio de Villa de Tututepec.<\/p>\n\n\n\n<p>El director del plantel, \u00c1ngel Hern\u00e1ndez Santos, incurre en pr\u00e1cticas poco profesionales, chantaje emocional y manipulaci\u00f3n de los estudiantes, ademas de ir a su centro de labores en estado de ebriedad.<\/p>\n\n\n\n<p>Seg\u00fan el se\u00f1alamiento, el director del Cecyte 04 obliga al alumnado a participar en actividades ajenas a la educaci\u00f3n, como son las marchas y protestas, a cambio de \u201cmejorar su situaci\u00f3n acad\u00e9mica\u201d.<\/p>\n\n\n\n<p>Este&nbsp;hecho&nbsp;ha&nbsp;indignado&nbsp;a la&nbsp;comunidad&nbsp;educativa,&nbsp;pues representa&nbsp;una grave&nbsp;violaci\u00f3n&nbsp;a la&nbsp;\u00e9tica&nbsp;institucional y una forma&nbsp;directa&nbsp;de&nbsp;coacci\u00f3n&nbsp;hacia&nbsp;menores&nbsp;de&nbsp;edad&nbsp;y sus&nbsp;familias.<\/p>\n\n\n\n<p>Se\u00f1alan adem\u00e1s que \u00c1ngel Hern\u00e1ndez presume de contar con el respaldo de la directora general de los Cecyte en Oaxaca, Blanca Mart\u00ednez, por lo cual no pueden aplicarle ninguna sanci\u00f3n.<\/p>\n\n\n\n<p>Esta&nbsp;supuesta&nbsp;protecci\u00f3n&nbsp;ha&nbsp;generado&nbsp;un&nbsp;clima&nbsp;de&nbsp;impunidad&nbsp;y&nbsp;frustraci\u00f3n&nbsp;entre&nbsp;docentes&nbsp;y&nbsp;trabajadores, que&nbsp;acusan un&nbsp;encubrimiento&nbsp;descarado&nbsp;de&nbsp;conductas&nbsp;indebidas por&nbsp;parte&nbsp;de las&nbsp;autoridades&nbsp;educativas.<\/p>\n\n\n\n<p>No es la&nbsp;primera&nbsp;vez&nbsp;que&nbsp;el&nbsp;nombre&nbsp;de Hern\u00e1ndez Santos se&nbsp;asocia&nbsp;con la&nbsp;pol\u00e9mica.&nbsp;<\/p>\n\n\n\n<p>Seg\u00fan dieron a conocer sus antecedentes, cuando estuvo en el Cecyte ubicado en San Pablo&nbsp;Huixtepec fue se\u00f1alado de consumir bebidas embriagantes con alumnos y ex alumnos.&nbsp;<\/p>\n\n\n\n<p>En el caso de Tututepec, el personal&nbsp;docente&nbsp;y&nbsp;trabajadores sindicalizados&nbsp;han&nbsp;decidido&nbsp;retirarse&nbsp;temporalmente del&nbsp;plantel&nbsp;como&nbsp;medida&nbsp;preventiva,&nbsp;evitando enfrentamientos&nbsp;y&nbsp;buscando&nbsp;proteger&nbsp;a los&nbsp;estudiantes&nbsp;de la&nbsp;manipulaci\u00f3n&nbsp;y&nbsp;el&nbsp;caos&nbsp;promovidopor&nbsp;el&nbsp;propio&nbsp;director.<\/p>\n\n\n\n<p>Los&nbsp;educadores&nbsp;recalcan&nbsp;que&nbsp;su&nbsp;conflicto&nbsp;no es con los&nbsp;alumnos,&nbsp;sino&nbsp;con la&nbsp;falta de&nbsp;liderazgo,&nbsp;transparencia&nbsp;y&nbsp;respeto&nbsp;por la&nbsp;comunidad&nbsp;escolar.&nbsp;<\/p>\n\n\n\n<p>El&nbsp;caso&nbsp;de&nbsp;\u00c1ngel&nbsp;Hern\u00e1ndez Santos&nbsp;expone&nbsp;la profunda&nbsp;descomposici\u00f3n&nbsp;administrativa&nbsp;y moral&nbsp;en&nbsp;la que se&nbsp;encuentra&nbsp;sumido&nbsp;el&nbsp;sistema&nbsp;Cecyte Oaxaca,&nbsp;donde&nbsp;funcionarios&nbsp;cuestionados&nbsp;contin\u00faan al&nbsp;frente&nbsp;de&nbsp;planteles&nbsp;con total&nbsp;impunidad.&nbsp;<\/p>\n\n\n\n<p>Por ello, urgieron al Gobierno del Estado a tomar cartas en el asunto y terminar con esas pr\u00e1cticas irregulares, separando al actual director de su cargo, con la finalidad de evitar m\u00e1s da\u00f1os al plantel y al alumnado.<\/p>\n\n\n\n<p>Este es el enlace del video&nbsp;en&nbsp;donde&nbsp;se&nbsp;ve&nbsp;al Director&nbsp;ingerir bebidas&nbsp;alcoholicas, con los&nbsp;alumnos:<\/p>\n\n\n\n<figure class=\"wp-block-embed\"><div class=\"wp-block-embed__wrapper\">\nhttps:\/\/www.facebook.com\/share\/v\/173CR1AU7X\/?mibextid=wwXIfr\n<\/div><\/figure>\n","protected":false},"excerpt":{"rendered":"<p>Raymundo Morales\/Zona Roja. Oaxaca, Oax., a 7 de octubre de 2025.- Padres de familia y&hellip;<\/p>\n","protected":false},"author":2,"featured_media":85501,"comment_status":"closed","ping_status":"open","sticky":false,"template":"","format":"standard","meta":{"_lmt_disableupdate":"","_lmt_disable":"","_jetpack_memberships_contains_paid_content":false,"footnotes":""},"categories":[109,47],"tags":[],"class_list":["post-85500","post","type-post","status-publish","format-standard","has-post-thumbnail","hentry","category-minuto-a-minuto","category-zona-gris"],"jetpack_featured_media_url":"https:\/\/zonaroja.com.mx\/wp-content\/uploads\/2025\/10\/Cecyte-Oaxaca-plantel-04-Tututepec.jpg","jetpack_sharing_enabled":true,"_links":{"self":[{"href":"https:\/\/zonaroja.com.mx\/index.php?rest_route=\/wp\/v2\/posts\/85500","targetHints":{"allow":["GET"]}}],"collection":[{"href":"https:\/\/zonaroja.com.mx\/index.php?rest_route=\/wp\/v2\/posts"}],"about":[{"href":"https:\/\/zonaroja.com.mx\/index.php?rest_route=\/wp\/v2\/types\/post"}],"author":[{"embeddable":true,"href":"https:\/\/zonaroja.com.mx\/index.php?rest_route=\/wp\/v2\/users\/2"}],"replies":[{"embeddable":true,"href":"https:\/\/zonaroja.com.mx\/index.php?rest_route=%2Fwp%2Fv2%2Fcomments&post=85500"}],"version-history":[{"count":1,"href":"https:\/\/zonaroja.com.mx\/index.php?rest_route=\/wp\/v2\/posts\/85500\/revisions"}],"predecessor-version":[{"id":85502,"href":"https:\/\/zonaroja.com.mx\/index.php?rest_route=\/wp\/v2\/posts\/85500\/revisions\/85502"}],"wp:featuredmedia":[{"embeddable":true,"href":"https:\/\/zonaroja.com.mx\/index.php?rest_route=\/wp\/v2\/media\/85501"}],"wp:attachment":[{"href":"https:\/\/zonaroja.com.mx\/index.php?rest_route=%2Fwp%2Fv2%2Fmedia&parent=85500"}],"wp:term":[{"taxonomy":"category","embeddable":true,"href":"https:\/\/zonaroja.com.mx\/index.php?rest_route=%2Fwp%2Fv2%2Fcategories&post=85500"},{"taxonomy":"post_tag","embeddable":true,"href":"https:\/\/zonaroja.com.mx\/index.php?rest_route=%2Fwp%2Fv2%2Ftags&post=85500"}],"curies":[{"name":"wp","href":"https:\/\/api.w.org\/{rel}","templated":true}]}}