{"id":85503,"date":"2025-10-07T18:10:31","date_gmt":"2025-10-08T00:10:31","guid":{"rendered":"https:\/\/zonaroja.com.mx\/?p=85503"},"modified":"2025-10-07T19:04:45","modified_gmt":"2025-10-08T01:04:45","slug":"aprueban-cambios-a-reglamento-de-panteones-de-la-capital-para-recuperar-fosas-abandonadas","status":"publish","type":"post","link":"https:\/\/zonaroja.com.mx\/?p=85503","title":{"rendered":"Aprueban cambios a reglamento de panteones de la capital, para recuperar fosas abandonadas"},"content":{"rendered":"\n<p>Lisbeth Mej\u00eda Reyes\/Zona Roja.<\/p>\n\n\n\n<p>Oaxaca, Oax., a 7 de octubre de 2025.- El Cabildo de Oaxaca de Ju\u00e1rez aprob\u00f3 este martes diversas modificaciones al reglamento de panteones, que data de 1998, con el fin de recuperar fosas abandonadas en los camposantos que administra: el General, el San Miguel, el Jard\u00edn, el del Marquesado y el de Xochimilco.<\/p>\n\n\n\n<p>Fue durante la sesi\u00f3n ordinaria en la que el \u00f3rgano colegiado tambi\u00e9n confirm\u00f3 que se mantenga el plazo de 90 d\u00edas naturales, como est\u00e1 en el reglamento vigente, para que \u00abla persona titular de los derechos de la p\u00f3liza correspondiente pueda ejercer sus derechos, regularizar su situaci\u00f3n o manifestar lo que a sus intereses convenga\u00bb.&nbsp;<\/p>\n\n\n\n<p>Esto \u00faltimo debido a que la nueva propuesta contemplaba un plazo de 15 d\u00edas, pero de acuerdo con el edil, Raymundo Chagoya Villanueva; el regidor Bernardo Mayr\u00e9n, y el regidor Mart\u00edn V\u00e1zquez Villanueva, tendr\u00eda que darse un plazo razonable y m\u00e1xima publicidad para que las personas ejerzan sus derechos sobre las tumbas.<\/p>\n\n\n\n<p>A trav\u00e9s de la reciente reforma, adici\u00f3n y derogaci\u00f3n de diversos art\u00edculos del reglamento, se espera revisar la situaci\u00f3n de 600 fosas susceptibles de recuperaci\u00f3n, seg\u00fan explic\u00f3 el concejal Mart\u00edn V\u00e1zquez Villanueva.&nbsp;<\/p>\n\n\n\n<p>Dulce Mar\u00eda L\u00e1scarez, regidora de Servicios Vecinales, tambi\u00e9n se\u00f1al\u00f3 que esta recuperaci\u00f3n de espacios es necesaria ante la saturaci\u00f3n de los camposantos municipales y la venta ilegal de fosas en el mercado negro.<\/p>\n\n\n\n<p>Como este punto de acuerdo, el Cabildo aprob\u00f3 la propuesta del regidor de Centro Hist\u00f3rico, Antonio \u00c1lvarez Mart\u00ednez, para que la Direcci\u00f3n de Centro y Patrimonio Hist\u00f3rico elabore un proyecto de restauraci\u00f3n, conservaci\u00f3n y puesta en valor de las esculturas y entorno de la calzada de La Rep\u00fablica.&nbsp;<\/p>\n\n\n\n<p>De igual manera, aprob\u00f3 el est\u00edmulo fiscal \u00abNo te quedes atr\u00e1s y regular\u00edzate\u00bb, propuesto por el presidente municipal, para reducir el 20 por ciento de la suerte principal y el 100 por ciento de accesorios en el impuesto de traslado de dominio para personas f\u00edsicas, morales y unidades econ\u00f3micas.<\/p>\n\n\n\n<p>En la sesi\u00f3n, el cabildo tambi\u00e9n aval\u00f3 enviar a revisi\u00f3n en la comisi\u00f3n de Seguridad Vecinal el \u00abProtocolo de actuaci\u00f3n operativa en los puntos de control de alcoholimetr\u00eda\u00bb, propuesto por Alma Itzel Garc\u00eda Herrera, regidora de Seguridad Vecinal.<\/p>\n\n\n\n<figure class=\"wp-block-embed is-type-rich is-provider-twitter wp-block-embed-twitter\"><div class=\"wp-block-embed__wrapper\">\n<div class=\"twitter-tweet\"><blockquote class=\"twitter-tweet\" data-lang=\"es\"><p lang=\"es\" dir=\"ltr\"><a href=\"https:\/\/twitter.com\/hashtag\/AlMomento?src=hash&amp;ref_src=twsrc%5Etfw\">#AlMomento<\/a><br>En sesi\u00f3n ordinaria, el Cabildo del <a href=\"https:\/\/twitter.com\/MunicipioOaxaca?ref_src=twsrc%5Etfw\">@MunicipioOaxaca<\/a> que preside el primer concejal <a href=\"https:\/\/twitter.com\/raychagoya?ref_src=twsrc%5Etfw\">@raychagoya<\/a>, aprob\u00f3 hoy reformas al reglamento de panteones, con la finalidad de ampliar a 90 d\u00edas el plazo para que los propietarios de fosas se regularicen. <a href=\"https:\/\/t.co\/Ay4kidOWln\">pic.twitter.com\/Ay4kidOWln<\/a><\/p>&mdash; Zona Roja Oaxaca (@ZonaRoja_Oaxaca) <a href=\"https:\/\/twitter.com\/ZonaRoja_Oaxaca\/status\/1975602299708883414?ref_src=twsrc%5Etfw\">7 de octubre de 2025<\/a><\/blockquote><\/div>\n<\/div><\/figure>\n","protected":false},"excerpt":{"rendered":"<p>Lisbeth Mej\u00eda Reyes\/Zona Roja. Oaxaca, Oax., a 7 de octubre de 2025.- El Cabildo de&hellip;<\/p>\n","protected":false},"author":2,"featured_media":85505,"comment_status":"closed","ping_status":"open","sticky":false,"template":"","format":"standard","meta":{"_lmt_disableupdate":"","_lmt_disable":"","_jetpack_memberships_contains_paid_content":false,"footnotes":""},"categories":[109,46],"tags":[148,4403],"class_list":["post-85503","post","type-post","status-publish","format-standard","has-post-thumbnail","hentry","category-minuto-a-minuto","category-zona-blanca","tag-oaxaca-de-juarez","tag-ray-chagoya"],"jetpack_featured_media_url":"https:\/\/zonaroja.com.mx\/wp-content\/uploads\/2025\/10\/Sesion-Cabildo-Ray-Chagoya.jpeg","jetpack_sharing_enabled":true,"_links":{"self":[{"href":"https:\/\/zonaroja.com.mx\/index.php?rest_route=\/wp\/v2\/posts\/85503","targetHints":{"allow":["GET"]}}],"collection":[{"href":"https:\/\/zonaroja.com.mx\/index.php?rest_route=\/wp\/v2\/posts"}],"about":[{"href":"https:\/\/zonaroja.com.mx\/index.php?rest_route=\/wp\/v2\/types\/post"}],"author":[{"embeddable":true,"href":"https:\/\/zonaroja.com.mx\/index.php?rest_route=\/wp\/v2\/users\/2"}],"replies":[{"embeddable":true,"href":"https:\/\/zonaroja.com.mx\/index.php?rest_route=%2Fwp%2Fv2%2Fcomments&post=85503"}],"version-history":[{"count":1,"href":"https:\/\/zonaroja.com.mx\/index.php?rest_route=\/wp\/v2\/posts\/85503\/revisions"}],"predecessor-version":[{"id":85504,"href":"https:\/\/zonaroja.com.mx\/index.php?rest_route=\/wp\/v2\/posts\/85503\/revisions\/85504"}],"wp:featuredmedia":[{"embeddable":true,"href":"https:\/\/zonaroja.com.mx\/index.php?rest_route=\/wp\/v2\/media\/85505"}],"wp:attachment":[{"href":"https:\/\/zonaroja.com.mx\/index.php?rest_route=%2Fwp%2Fv2%2Fmedia&parent=85503"}],"wp:term":[{"taxonomy":"category","embeddable":true,"href":"https:\/\/zonaroja.com.mx\/index.php?rest_route=%2Fwp%2Fv2%2Fcategories&post=85503"},{"taxonomy":"post_tag","embeddable":true,"href":"https:\/\/zonaroja.com.mx\/index.php?rest_route=%2Fwp%2Fv2%2Ftags&post=85503"}],"curies":[{"name":"wp","href":"https:\/\/api.w.org\/{rel}","templated":true}]}}