{"id":85506,"date":"2025-10-07T21:06:13","date_gmt":"2025-10-08T03:06:13","guid":{"rendered":"https:\/\/zonaroja.com.mx\/?p=85506"},"modified":"2025-10-07T21:06:14","modified_gmt":"2025-10-08T03:06:14","slug":"accidentes-y-lluvias-dejan-7-muertos-entre-ellos-dos-menores-de-edad","status":"publish","type":"post","link":"https:\/\/zonaroja.com.mx\/?p=85506","title":{"rendered":"Accidentes y lluvias dejan 7 muertos; entre ellos dos menores de edad\u00a0"},"content":{"rendered":"\n<p>Lisbeth Mej\u00eda Reyes\/Zona Roja.<\/p>\n\n\n\n<p>Oaxaca, Oax., a 6 de octubre de 2025.- Al menos siete personas, entre ellas dos menores de edad, han perdido la vida en los primeros d\u00edas de octubre, debido a accidentes viales, los efectos de las lluvias y otros percances en el estado de Oaxaca.&nbsp;<\/p>\n\n\n\n<p>La \u00faltima v\u00edctima es un menor de edad, \u00cdker G.R, reportado como desaparecido tras ser arrastrado por un arroyo la noche de este lunes en la localidad Valdeflores, Santa Mar\u00eda Colotepec, regi\u00f3n Costa.&nbsp;<\/p>\n\n\n\n<p>El cuerpo del menor de tres a\u00f1os fue localizado aproximadamente a cinco kil\u00f3metros del lugar del accidente, sobre la orilla del arroyo, en la rancher\u00eda Carrasco.&nbsp;<\/p>\n\n\n\n<p>Entre las 10 personas que iban en la camioneta de pasaje, otras dos resultaron lesionadas y fueron trasladadas al hospital general de Puerto Escondido: Ram\u00f3n Gaspar Ram\u00edrez, de 31 a\u00f1os, originario de la comunidad Mata de Bule, y Wilbert Gaspar Luna, de 11 a\u00f1os, de la misma localidad.<\/p>\n\n\n\n<p>Este lunes 6 de octubre, dos personas perdieron la vida y varias m\u00e1s resultaron lesionadas tras un accidente en la carretera Trans\u00edstmica, en el kil\u00f3metro 178 +500, tramo Palomares-Mat\u00edas Romero. Las v\u00edctimas son Herminio C. G., agente de Ejido Villanueva, San Juan Mazatl\u00e1n Mixe, y Enrique N. L., secretario de la agencia.<\/p>\n\n\n\n<p>En el percance ocurrido por la madrugada estuvieron involucrados dos veh\u00edculos y se report\u00f3 que uno m\u00e1s se impact\u00f3 posteriormente al no respetarlos los se\u00f1alamientos del accidente.<\/p>\n\n\n\n<p>Por la tarde del mismo lunes, la Coordinaci\u00f3n de Protecci\u00f3n Civil report\u00f3 la localizaci\u00f3n del cuerpo de un joven (H. L. E.) de 18 a\u00f1os, quien hab\u00eda desaparecido el domingo en Playa Azul.<\/p>\n\n\n\n<p>&nbsp;Seg\u00fan el reporte, el joven era originario de la colonia Jes\u00fas Rasgado, municipio de Salina Cruz. El hallazgo del cuerpo fue posible a la labor de buzos de la Secretar\u00eda de Marina (Semar) y elementos de la polic\u00eda municipal.<\/p>\n\n\n\n<p>Por otra parte, el pasado 3 de octubre, la Coordinaci\u00f3n Estatal de Protecci\u00f3n Civil y Gesti\u00f3n de Riesgos confirm\u00f3 los tres primeros decesos ocurridos en la comunidad Chilapa, perteneciente al municipio de San Agust\u00edn Loxicha, regi\u00f3n Sierra Sur.&nbsp;<\/p>\n\n\n\n<p>Ah\u00ed, las constantes lluvias causaron el reblandecimiento de la tierra y con esto el derrumbe de la vivienda en que se encontraban las v\u00edctimas: dos personas adultas y una persona menor de edad.<\/p>\n","protected":false},"excerpt":{"rendered":"<p>Lisbeth Mej\u00eda Reyes\/Zona Roja. Oaxaca, Oax., a 6 de octubre de 2025.- Al menos siete&hellip;<\/p>\n","protected":false},"author":2,"featured_media":85507,"comment_status":"closed","ping_status":"open","sticky":false,"template":"","format":"standard","meta":{"_lmt_disableupdate":"","_lmt_disable":"","_jetpack_memberships_contains_paid_content":false,"footnotes":""},"categories":[109,47],"tags":[3416],"class_list":["post-85506","post","type-post","status-publish","format-standard","has-post-thumbnail","hentry","category-minuto-a-minuto","category-zona-gris","tag-accidentes-carreteros-oaxaca"],"jetpack_featured_media_url":"https:\/\/zonaroja.com.mx\/wp-content\/uploads\/2025\/10\/Accidentes-ahogados-Santa-Maria-Colotepec.jpg","jetpack_sharing_enabled":true,"_links":{"self":[{"href":"https:\/\/zonaroja.com.mx\/index.php?rest_route=\/wp\/v2\/posts\/85506","targetHints":{"allow":["GET"]}}],"collection":[{"href":"https:\/\/zonaroja.com.mx\/index.php?rest_route=\/wp\/v2\/posts"}],"about":[{"href":"https:\/\/zonaroja.com.mx\/index.php?rest_route=\/wp\/v2\/types\/post"}],"author":[{"embeddable":true,"href":"https:\/\/zonaroja.com.mx\/index.php?rest_route=\/wp\/v2\/users\/2"}],"replies":[{"embeddable":true,"href":"https:\/\/zonaroja.com.mx\/index.php?rest_route=%2Fwp%2Fv2%2Fcomments&post=85506"}],"version-history":[{"count":1,"href":"https:\/\/zonaroja.com.mx\/index.php?rest_route=\/wp\/v2\/posts\/85506\/revisions"}],"predecessor-version":[{"id":85508,"href":"https:\/\/zonaroja.com.mx\/index.php?rest_route=\/wp\/v2\/posts\/85506\/revisions\/85508"}],"wp:featuredmedia":[{"embeddable":true,"href":"https:\/\/zonaroja.com.mx\/index.php?rest_route=\/wp\/v2\/media\/85507"}],"wp:attachment":[{"href":"https:\/\/zonaroja.com.mx\/index.php?rest_route=%2Fwp%2Fv2%2Fmedia&parent=85506"}],"wp:term":[{"taxonomy":"category","embeddable":true,"href":"https:\/\/zonaroja.com.mx\/index.php?rest_route=%2Fwp%2Fv2%2Fcategories&post=85506"},{"taxonomy":"post_tag","embeddable":true,"href":"https:\/\/zonaroja.com.mx\/index.php?rest_route=%2Fwp%2Fv2%2Ftags&post=85506"}],"curies":[{"name":"wp","href":"https:\/\/api.w.org\/{rel}","templated":true}]}}