{"id":85509,"date":"2025-10-07T22:14:55","date_gmt":"2025-10-08T04:14:55","guid":{"rendered":"https:\/\/zonaroja.com.mx\/?p=85509"},"modified":"2025-10-07T22:14:58","modified_gmt":"2025-10-08T04:14:58","slug":"escala-conflicto-en-la-uabjo-rector-le-echa-porros-a-los-sindicalizados","status":"publish","type":"post","link":"https:\/\/zonaroja.com.mx\/?p=85509","title":{"rendered":"Escala conflicto en la UABJO: rector le echa \u201cporros\u201d a los sindicalizados"},"content":{"rendered":"\n<p>Ismael Garc\u00eda M.\/Zona Roja.<\/p>\n\n\n\n<p>Oaxaca, Oax., a 7 de octubre de 2025.- Un grupo de \u201cporros\u201d, presuntamente enviados por el rector Cristian \u00c9der Carre\u00f1o, retir\u00f3 con violencia una manta de protesta por parte de sindicalizados en la Universidad Aut\u00f3noma \u201cBenito Ju\u00e1rez\u201d de Oaxaca.&nbsp;<\/p>\n\n\n\n<p>Los hechos ocurrieron la ma\u00f1ana de hoy fueron evidenciados a trav\u00e9s de videos y fotograf\u00edas, cuando los sujetos encapuchados arribaron a la Ciudad Universitaria, tras lo cual huyeron.<\/p>\n\n\n\n<p>\u201cRector no es necesario que mandes porros a cuidar las puertas; dialoga represor\u201d, respondieron los integrantes del Sindicato de Trabajadores y Empleados de la UABJO, quienes despu\u00e9s del mediod\u00eda cerraron todas las instalaciones universitarias y desalojaron a los alumnos.<\/p>\n\n\n\n<p>Uno de los inconformes, Enrique Garc\u00eda Garc\u00eda, denunci\u00f3 en conferencia de prensa la actitud de los \u201cporros\u201d, por lo cual tomaron la determinaci\u00f3n de cerrar las instalaciones universitarias; identific\u00f3 a uno de los agresores a quien conocen como \u201cEl Chivo\u201d.<\/p>\n\n\n\n<p>Recalc\u00f3 que la demanda inicial era que se transparente el otorgamiento de bases que han dejado los jubilados y a la fecha se desconoce la forma en que se otorgaron al menos 400 plazas.<\/p>\n\n\n\n<p>Indic\u00f3 que habr\u00eda contubernio entre la parte patronal y la sindical para vender las plazas laborales entre 180 mil y 250 mil pesos, pues de la noche a la ma\u00f1ana surgieron unos 200 nuevos trabajadores.<\/p>\n\n\n\n<p>Ahora la petici\u00f3n principal es que se castigue a los \u201cporros\u201d y a quienes los enviaron, dijo, al exigir al rector de la Universidad que responda a los planteamientos.<\/p>\n\n\n\n<p>En respuesta a ello, el rector emiti\u00f3 un comunicado en que precis\u00f3 que por parte de la representaci\u00f3n formal del STEUABJO, es decir el comit\u00e9 ejecutivo, no se ha recibido ninguna petici\u00f3n formal acerca de las demandas.<\/p>\n\n\n\n<p>\u201cPor lo tanto esta administraci\u00f3n central no puede atender a intereses particulares, ni asuntos individuales que no tengan el respaldo de la dirigencia sindical correspondiente\u201d.<\/p>\n\n\n\n<p>A su vez, sindicato respondi\u00f3 con un posicionamiento oficial, en que rechaz\u00f3 la forma violenta en que fueron agredidos sus afiliados que se manifestaban en Ciudad Universitaria.<\/p>\n\n\n\n<p>Dijo estar enterado de la protesta pero que ninguno de los afiliados se hab\u00eda acercado a ellos para solicitar la intervenci\u00f3n sindical.<\/p>\n\n\n\n<p>En tanto que el grupo de trabajadores inconformes exigi\u00f3 al rector, tambi\u00e9n a trav\u00e9s de un documento, respeto a la autonom\u00eda sindical y que no pretenda confundir a la comunidad universitaria, \u201cya que usted es el responsable de haber violentado el proceso de admisi\u00f3n a nuestra organizaci\u00f3n sindical en complicidad con la corrupta Comisi\u00f3n Mixta de Escalaf\u00f3n\u201d.<\/p>\n\n\n\n<figure class=\"wp-block-embed is-type-rich is-provider-twitter wp-block-embed-twitter\"><div class=\"wp-block-embed__wrapper\">\n<div class=\"twitter-tweet\"><blockquote class=\"twitter-tweet\" data-lang=\"es\"><p lang=\"es\" dir=\"ltr\"><a href=\"https:\/\/twitter.com\/hashtag\/AlMomento?src=hash&amp;ref_src=twsrc%5Etfw\">#AlMomento<\/a><br>Escala el conflicto en la <a href=\"https:\/\/twitter.com\/UABJO?ref_src=twsrc%5Etfw\">@UABJO<\/a>, tras los se\u00f1alamientos contra el rector <a href=\"https:\/\/twitter.com\/RectorCristian?ref_src=twsrc%5Etfw\">@RectorCristian<\/a> de utilizar \u201cporros\u201d contra los trabajadores. <br>Ahora desalojan las instalaciones de Ciudad Universitaria, ciudad de Oaxaca. <a href=\"https:\/\/t.co\/1p8ES2TEEe\">pic.twitter.com\/1p8ES2TEEe<\/a><\/p>&mdash; Zona Roja Oaxaca (@ZonaRoja_Oaxaca) <a href=\"https:\/\/twitter.com\/ZonaRoja_Oaxaca\/status\/1975662747514704065?ref_src=twsrc%5Etfw\">7 de octubre de 2025<\/a><\/blockquote><\/div>\n<\/div><\/figure>\n","protected":false},"excerpt":{"rendered":"<p>Ismael Garc\u00eda M.\/Zona Roja. Oaxaca, Oax., a 7 de octubre de 2025.- Un grupo de&hellip;<\/p>\n","protected":false},"author":2,"featured_media":85510,"comment_status":"closed","ping_status":"open","sticky":false,"template":"","format":"standard","meta":{"_lmt_disableupdate":"","_lmt_disable":"","_jetpack_memberships_contains_paid_content":false,"footnotes":""},"categories":[109,47],"tags":[305],"class_list":["post-85509","post","type-post","status-publish","format-standard","has-post-thumbnail","hentry","category-minuto-a-minuto","category-zona-gris","tag-steuabjo"],"jetpack_featured_media_url":"https:\/\/zonaroja.com.mx\/wp-content\/uploads\/2025\/10\/Protesta-UABJO-STEUABJO-Ciudad-Universitaria.jpg","jetpack_sharing_enabled":true,"_links":{"self":[{"href":"https:\/\/zonaroja.com.mx\/index.php?rest_route=\/wp\/v2\/posts\/85509","targetHints":{"allow":["GET"]}}],"collection":[{"href":"https:\/\/zonaroja.com.mx\/index.php?rest_route=\/wp\/v2\/posts"}],"about":[{"href":"https:\/\/zonaroja.com.mx\/index.php?rest_route=\/wp\/v2\/types\/post"}],"author":[{"embeddable":true,"href":"https:\/\/zonaroja.com.mx\/index.php?rest_route=\/wp\/v2\/users\/2"}],"replies":[{"embeddable":true,"href":"https:\/\/zonaroja.com.mx\/index.php?rest_route=%2Fwp%2Fv2%2Fcomments&post=85509"}],"version-history":[{"count":1,"href":"https:\/\/zonaroja.com.mx\/index.php?rest_route=\/wp\/v2\/posts\/85509\/revisions"}],"predecessor-version":[{"id":85511,"href":"https:\/\/zonaroja.com.mx\/index.php?rest_route=\/wp\/v2\/posts\/85509\/revisions\/85511"}],"wp:featuredmedia":[{"embeddable":true,"href":"https:\/\/zonaroja.com.mx\/index.php?rest_route=\/wp\/v2\/media\/85510"}],"wp:attachment":[{"href":"https:\/\/zonaroja.com.mx\/index.php?rest_route=%2Fwp%2Fv2%2Fmedia&parent=85509"}],"wp:term":[{"taxonomy":"category","embeddable":true,"href":"https:\/\/zonaroja.com.mx\/index.php?rest_route=%2Fwp%2Fv2%2Fcategories&post=85509"},{"taxonomy":"post_tag","embeddable":true,"href":"https:\/\/zonaroja.com.mx\/index.php?rest_route=%2Fwp%2Fv2%2Ftags&post=85509"}],"curies":[{"name":"wp","href":"https:\/\/api.w.org\/{rel}","templated":true}]}}