{"id":85517,"date":"2025-10-08T08:15:00","date_gmt":"2025-10-08T14:15:00","guid":{"rendered":"https:\/\/zonaroja.com.mx\/?p=85517"},"modified":"2025-10-08T06:52:48","modified_gmt":"2025-10-08T12:52:48","slug":"la-poesia-es-la-fuerza-vital-que-le-devuelve-el-pulso-natalia-toledo","status":"publish","type":"post","link":"https:\/\/zonaroja.com.mx\/?p=85517","title":{"rendered":"\u00abLa poes\u00eda es la fuerza vital que le devuelve el pulso\u00bb: Natalia Toledo"},"content":{"rendered":"\n<p>Lisbeth Mej\u00eda Reyes\/Zona Roja.<\/p>\n\n\n\n<p>Oaxaca, Oax., a 8 de octubre de 2025.- Para Natalia Toledo, la poes\u00eda le ayud\u00f3 a comprender el valor de su lengua, a atesorar los recuerdos de su natal Juchit\u00e1n, aunque ahora este haya sido alcanzado por la violencia.&nbsp;<\/p>\n\n\n\n<p>La poes\u00eda, dice la autora zapoteca, es \u00abla fuerza vital que me devuelve el pulso cuando no siento correr la sangre en el cuerpo, la sonaja del \u00e1rbol que plantaron en mi ventana cuando nac\u00ed y que me sigue acompa\u00f1ando\u00bb.<\/p>\n\n\n\n<p>Natalia recibi\u00f3 este martes la Medalla Bellas Artes de Literatura en Lenguas Ind\u00edgenas por parte del Instituto Nacional de Bellas Artes, con lo que se convirti\u00f3 en la tercera persona en obtener el galard\u00f3n despu\u00e9s de la poeta maya Briceida Cuevas Con y el escritor n\u00e1huatl Juan Hern\u00e1ndez Ram\u00edrez.<\/p>\n\n\n\n<p>Rodeada de su familia y sus amistades, y con una indumentaria tradicional del Istmo de Tehuantepec, Natalia comparti\u00f3 un mensaje en zapoteco y en espa\u00f1ol, tambi\u00e9n dedic\u00f3 el galard\u00f3n a las mujeres que con sus arrullos y leche le ayudaron \u00aba trenzar las palabras\u00bb que habitan su coraz\u00f3n.<\/p>\n\n\n\n<p>Toledo record\u00f3 c\u00f3mo tuvo que aprender a leer y escribir en una lengua ajena a la suya, el espa\u00f1ol, porque, \u00abcomo si se tratara de lodo, para poder entrar al sal\u00f3n de clases hab\u00eda que dejar el zapoteco en la puerta.<\/p>\n\n\n\n<p>Desde el Palacio de Bellas Artes, en la Ciudad de M\u00e9xico, las palabras de la autora de \u00abGuie\u2019 yaase\u00bb (Olivo negro) y \u00abDeche bitoope\u00bb (El dorso del cangrejo) generaron en s\u00ed y los presentes varias emociones. Tambi\u00e9n algunas risas que rompieron con la solemnidad.<\/p>\n\n\n\n<p>Su infancia, el dejar a Juchit\u00e1n y sus amigos para mudarse con su familia a la Ciudad de M\u00e9xico, a los ocho a\u00f1os de edad, fueron parte del recuerdo tejido por su poes\u00eda.<\/p>\n\n\n\n<p>\u00abRecuerdo c\u00f3mo aquel d\u00eda mis amigos y los perros de mi barrio, como si escoltaran un funeral, corrieron detr\u00e1s del coche que me llevaba&#8230; Desde entonces sigo aqu\u00ed y cada vez, por desgracia, regreso menos a mi hermoso Juchit\u00e1n porque, he sabido de sobra, a mi pueblo como a tantos otros lo arras\u00f3 la violencia\u00bb.<\/p>\n\n\n\n<p>En su discurso, la tambi\u00e9n Premio Nacional de Literatura Nezahualc\u00f3yotl 2004 record\u00f3 su primer libro publicado en espa\u00f1ol, lo dicho por cr\u00edtico de que la literatura contempor\u00e1nea en lenguas originarias no exist\u00eda y que la llev\u00f3 a ella a redescubrir el valor de su lengua materna, el zapoteco.<\/p>\n\n\n\n<p>\u00abDurante mucho tiempo camin\u00e9 con inseguridades porque el grupo al que pertenec\u00eda aquel cr\u00edtico de literatura hablaba de una alta poes\u00eda. Pero lejos de correr y meterme bajo una piedra me acerqu\u00e9 a ellos, los le\u00ed para ver qu\u00e9 escrib\u00edan y c\u00f3mo lo hac\u00edan. Me di cuenta que ven\u00edan de otras tradiciones y yo del pensamiento de quienes desarrollaron la escritura m\u00e1s antigua que se conoce en Am\u00e9rica, los zapotecas\u00bb.<\/p>\n\n\n\n<p>Desde ese d\u00eda, Natalia abraz\u00f3 su lengua, aquella con la use ha forjado sus poemas en una de las lenguas originarias m\u00e1s habladas en Oaxaca, su estado natal.<\/p>\n\n\n\n<p>\u00abPara m\u00ed la poes\u00eda es como el totopo, como el aire tibio de Juchit\u00e1n d\u00e1ndome en la cara, como el lodo en los pies despu\u00e9s de una lluvia espesa. Es volver a sentarme con todo lo que he amado y que ahora vive en la espalda del tiempo, es volver a sentir el olor de los tulipanes rojos, de la albahaca fresca con que me ba\u00f1aba mi mam\u00e1 para quitarme la tristeza, esa nostalgia que se instal\u00f3 en mi lado izquierdo desde ni\u00f1a.<\/p>\n\n\n\n<p>\u00abEsta es la poes\u00eda, la fuerza vital que me devuelve el pulso cuando no siento correr la sangre en el cuerpo, la sonaja del \u00e1rbol que plantaron en mi ventana cuando nac\u00ed y que me sigue acompa\u00f1ando. Ahora soy hu\u00e9rfana de padre y madre. Tengo ese hermoso universo conmigo, toda esa vida habita mis p\u00e1rpados que cuando los cierro mis ojos comienzan a deletrear\u201d.<\/p>\n\n\n\n<figure class=\"wp-block-embed is-type-rich is-provider-twitter wp-block-embed-twitter\"><div class=\"wp-block-embed__wrapper\">\n<div class=\"twitter-tweet\"><blockquote class=\"twitter-tweet\" data-lang=\"es\"><p lang=\"es\" dir=\"ltr\">\ud83d\udc4f\ud83d\udc4f\ud83d\udc4f\ud83d\udc4f\ud83d\udc4f<br>Este es parte del mensaje de la poeta zapoteca Natalia Toledo, al recibir hoy la Medalla Bellas Artes por parte del <a href=\"https:\/\/twitter.com\/bellasartesinba?ref_src=twsrc%5Etfw\">@bellasartesinba<\/a>.<br><br>En representaci\u00f3n del <a href=\"https:\/\/twitter.com\/GobOax?ref_src=twsrc%5Etfw\">@GobOax<\/a> acudi\u00f3 el responsable de la <a href=\"https:\/\/twitter.com\/SECULTA_GobOax?ref_src=twsrc%5Etfw\">@SECULTA_GobOax<\/a>, <a href=\"https:\/\/twitter.com\/flaviososavilla?ref_src=twsrc%5Etfw\">@flaviososavilla<\/a>. <a href=\"https:\/\/t.co\/VdceF5j4uE\">pic.twitter.com\/VdceF5j4uE<\/a><\/p>&mdash; Zona Roja Oaxaca (@ZonaRoja_Oaxaca) <a href=\"https:\/\/twitter.com\/ZonaRoja_Oaxaca\/status\/1975739029942640647?ref_src=twsrc%5Etfw\">8 de octubre de 2025<\/a><\/blockquote><\/div>\n<\/div><\/figure>\n","protected":false},"excerpt":{"rendered":"<p>Lisbeth Mej\u00eda Reyes\/Zona Roja. Oaxaca, Oax., a 8 de octubre de 2025.- Para Natalia Toledo,&hellip;<\/p>\n","protected":false},"author":2,"featured_media":85513,"comment_status":"closed","ping_status":"open","sticky":false,"template":"","format":"standard","meta":{"_lmt_disableupdate":"","_lmt_disable":"","_jetpack_memberships_contains_paid_content":false,"footnotes":""},"categories":[109,46],"tags":[701],"class_list":["post-85517","post","type-post","status-publish","format-standard","has-post-thumbnail","hentry","category-minuto-a-minuto","category-zona-blanca","tag-natalia-toledo"],"jetpack_featured_media_url":"https:\/\/zonaroja.com.mx\/wp-content\/uploads\/2025\/10\/Natalia-Toledo-premio-Bellas-Artes.jpg","jetpack_sharing_enabled":true,"_links":{"self":[{"href":"https:\/\/zonaroja.com.mx\/index.php?rest_route=\/wp\/v2\/posts\/85517","targetHints":{"allow":["GET"]}}],"collection":[{"href":"https:\/\/zonaroja.com.mx\/index.php?rest_route=\/wp\/v2\/posts"}],"about":[{"href":"https:\/\/zonaroja.com.mx\/index.php?rest_route=\/wp\/v2\/types\/post"}],"author":[{"embeddable":true,"href":"https:\/\/zonaroja.com.mx\/index.php?rest_route=\/wp\/v2\/users\/2"}],"replies":[{"embeddable":true,"href":"https:\/\/zonaroja.com.mx\/index.php?rest_route=%2Fwp%2Fv2%2Fcomments&post=85517"}],"version-history":[{"count":1,"href":"https:\/\/zonaroja.com.mx\/index.php?rest_route=\/wp\/v2\/posts\/85517\/revisions"}],"predecessor-version":[{"id":85518,"href":"https:\/\/zonaroja.com.mx\/index.php?rest_route=\/wp\/v2\/posts\/85517\/revisions\/85518"}],"wp:featuredmedia":[{"embeddable":true,"href":"https:\/\/zonaroja.com.mx\/index.php?rest_route=\/wp\/v2\/media\/85513"}],"wp:attachment":[{"href":"https:\/\/zonaroja.com.mx\/index.php?rest_route=%2Fwp%2Fv2%2Fmedia&parent=85517"}],"wp:term":[{"taxonomy":"category","embeddable":true,"href":"https:\/\/zonaroja.com.mx\/index.php?rest_route=%2Fwp%2Fv2%2Fcategories&post=85517"},{"taxonomy":"post_tag","embeddable":true,"href":"https:\/\/zonaroja.com.mx\/index.php?rest_route=%2Fwp%2Fv2%2Ftags&post=85517"}],"curies":[{"name":"wp","href":"https:\/\/api.w.org\/{rel}","templated":true}]}}