{"id":85523,"date":"2025-10-08T10:15:00","date_gmt":"2025-10-08T16:15:00","guid":{"rendered":"https:\/\/zonaroja.com.mx\/?p=85523"},"modified":"2025-10-08T07:46:52","modified_gmt":"2025-10-08T13:46:52","slug":"inauguran-en-el-senado-exposicion-de-artista-plastico-oaxaqueno","status":"publish","type":"post","link":"https:\/\/zonaroja.com.mx\/?p=85523","title":{"rendered":"Inauguran en el Senado exposici\u00f3n de artista pl\u00e1stico oaxaque\u00f1o"},"content":{"rendered":"\n<p>Redacci\u00f3n\/Zona Roja Cdmx.<\/p>\n\n\n\n<p>Ciudad de M\u00e9xico, a 8 de octubre de 2025.- El senador Antonino Morales Toledo inaugur\u00f3 la exposici\u00f3n \u201cLa resistencia ind\u00edgena desde el arte de Filogonio Nax\u00edn\u201d, artista pl\u00e1stico mazateco de la comunidad de Mazatl\u00e1n Villa de Flores, Oaxaca, en la que se muestran obras representativas de nahuales sagrados y seres mitol\u00f3gicos que reflejan la resistencia ind\u00edgena con sabidur\u00eda y belleza.<\/p>\n\n\n\n<p>Acompa\u00f1ado de las y los legisladores de Oaxaca, Antonino Morales resalt\u00f3 que hoy la resistencia ind\u00edgena no es s\u00f3lo sobrevivir, sino florecer con la fuerza de un arte que gu\u00eda hacia un futuro m\u00e1s arm\u00f3nico, donde todas las culturas progresen con dignidad.<\/p>\n\n\n\n<p>El legislador zapoteco dijo que en el marco del 12 de octubre hay que celebrar la semilla de resistencia, cultura y dignidad, que en esta \u00e9poca de transformaci\u00f3n florece con fuerza en M\u00e9xico, por lo que al inaugurar esta exposici\u00f3n se abre una ventana a un cosmos de sabidur\u00eda y belleza.&nbsp;<\/p>\n\n\n\n<p>Resalt\u00f3 que el artista pl\u00e1stico Filogonio Nax\u00edn, no solo lleva la cultura mazateca en su lengua, sino que \u201ces la prueba viviente de que nuestra herencia ind\u00edgena no es un relicario del pasado, sino una fuerza creadora y vibrante\u201d.<\/p>\n\n\n\n<p>Record\u00f3 que sus nahuales sagrados han llegado al Museo Nacional de Antropolog\u00eda y su arte ha cruzado fronteras, porque Filogonio Nax\u00edn no s\u00f3lo exporta su cultura, la siembra con generosidad al regresar a Oaxaca para impartir talleres gratuitos en m\u00e1s de 20 comunidades.<\/p>\n\n\n\n<p>Agreg\u00f3 que frente a un mundo globalizado que nos impone olvidar, el arte de Filogonio es una invitaci\u00f3n a reflexionar, revalorar y escuchar la sabidur\u00eda que por siglos han custodiado los pueblos ind\u00edgenas.<\/p>\n\n\n\n<p>\u201cHoy la resistencia ind\u00edgena no es s\u00f3lo sobrevivir, es florecer con la fuerza de un arte que nos gu\u00eda, hac\u00eda un futuro m\u00e1s arm\u00f3nico donde todas las culturas florezcan en con dignidad\u201d.<\/p>\n\n\n\n<p>En su turno, el artista pl\u00e1stico narr\u00f3 que siendo ni\u00f1o solo conoc\u00eda la lengua mazateca, y, al asistir por primera vez a la escuela, se refugi\u00f3 en la \u00faltima fila del sal\u00f3n fijando sus ojos en el cuaderno para hacer rayones, ya que no conoc\u00eda el \u201ccastellano\u201d. Hac\u00eda trazos de dibujo para que el maestro no descubriera que no sab\u00eda espa\u00f1ol y as\u00ed hizo del arte su segunda lengua.<\/p>\n\n\n\n<p>Explic\u00f3 que hoy su trabajo est\u00e1 enfocado en la cosmogon\u00eda mazateca, desde los seres fant\u00e1sticos, como los nahuales, que parten de las historias aprendidas de los abuelos y la gente adulta que acompa\u00f1an con esas historias de leyenda, de cuentos y de muchos mitos de c\u00f3mo se fueron transformando los lugares con seres mitol\u00f3gicos que, al final, son los que cuidan la tierra y el mundo.<\/p>\n\n\n\n<p>Las y los senadores Luisa Cort\u00e9s Garc\u00eda, Karina Ruiz Ruiz, Luis Alfonso Silva Romo y Emanuel Reyes Carmona destacaron la obra y reconocieron al senador Morales Toledo por ser un promotor e impulsor de la cultura oaxaque\u00f1a.<\/p>\n\n\n\n<p>Tambi\u00e9n acudieron a la inauguraci\u00f3n las senadoras Laura Estrada Mauro, Beatriz Robles Guti\u00e9rrez y Roc\u00edo Corona Nakamura.<\/p>\n\n\n\n<p>La muestra en el Motor Lobby del Senado contiene piezas de diferentes t\u00e9cnicas y permanecer\u00e1 hasta el pr\u00f3ximo 9 de octubre.<\/p>\n","protected":false},"excerpt":{"rendered":"<p>Redacci\u00f3n\/Zona Roja Cdmx. Ciudad de M\u00e9xico, a 8 de octubre de 2025.- El senador Antonino&hellip;<\/p>\n","protected":false},"author":2,"featured_media":85520,"comment_status":"closed","ping_status":"open","sticky":false,"template":"","format":"standard","meta":{"_lmt_disableupdate":"","_lmt_disable":"","_jetpack_memberships_contains_paid_content":false,"footnotes":""},"categories":[109,46],"tags":[180],"class_list":["post-85523","post","type-post","status-publish","format-standard","has-post-thumbnail","hentry","category-minuto-a-minuto","category-zona-blanca","tag-antonino-morales-toledo"],"jetpack_featured_media_url":"https:\/\/zonaroja.com.mx\/wp-content\/uploads\/2025\/10\/Antonino-Morales-exposicion-Senado.jpg","jetpack_sharing_enabled":true,"_links":{"self":[{"href":"https:\/\/zonaroja.com.mx\/index.php?rest_route=\/wp\/v2\/posts\/85523","targetHints":{"allow":["GET"]}}],"collection":[{"href":"https:\/\/zonaroja.com.mx\/index.php?rest_route=\/wp\/v2\/posts"}],"about":[{"href":"https:\/\/zonaroja.com.mx\/index.php?rest_route=\/wp\/v2\/types\/post"}],"author":[{"embeddable":true,"href":"https:\/\/zonaroja.com.mx\/index.php?rest_route=\/wp\/v2\/users\/2"}],"replies":[{"embeddable":true,"href":"https:\/\/zonaroja.com.mx\/index.php?rest_route=%2Fwp%2Fv2%2Fcomments&post=85523"}],"version-history":[{"count":1,"href":"https:\/\/zonaroja.com.mx\/index.php?rest_route=\/wp\/v2\/posts\/85523\/revisions"}],"predecessor-version":[{"id":85524,"href":"https:\/\/zonaroja.com.mx\/index.php?rest_route=\/wp\/v2\/posts\/85523\/revisions\/85524"}],"wp:featuredmedia":[{"embeddable":true,"href":"https:\/\/zonaroja.com.mx\/index.php?rest_route=\/wp\/v2\/media\/85520"}],"wp:attachment":[{"href":"https:\/\/zonaroja.com.mx\/index.php?rest_route=%2Fwp%2Fv2%2Fmedia&parent=85523"}],"wp:term":[{"taxonomy":"category","embeddable":true,"href":"https:\/\/zonaroja.com.mx\/index.php?rest_route=%2Fwp%2Fv2%2Fcategories&post=85523"},{"taxonomy":"post_tag","embeddable":true,"href":"https:\/\/zonaroja.com.mx\/index.php?rest_route=%2Fwp%2Fv2%2Ftags&post=85523"}],"curies":[{"name":"wp","href":"https:\/\/api.w.org\/{rel}","templated":true}]}}