{"id":85525,"date":"2025-10-08T11:15:00","date_gmt":"2025-10-08T17:15:00","guid":{"rendered":"https:\/\/zonaroja.com.mx\/?p=85525"},"modified":"2025-10-08T08:14:06","modified_gmt":"2025-10-08T14:14:06","slug":"crece-confrontacion-entre-docentes-jubilados-y-la-seccion-22","status":"publish","type":"post","link":"https:\/\/zonaroja.com.mx\/?p=85525","title":{"rendered":"Crece confrontaci\u00f3n entre docentes jubilados y la Secci\u00f3n 22"},"content":{"rendered":"\n<p>Ismael Garc\u00eda M.\/Zona Roja.<\/p>\n\n\n\n<p>Oaxaca, Oax., a 8 de octubre de 2025.- Luego de dos d\u00edas de protestas por parte de docentes jubilados, el comit\u00e9 ejecutivo de la Secci\u00f3n 22 del SNTE respondi\u00f3 y critic\u00f3 la actitud de quienes han bloqueado las oficinas de la gremial y bloqueado calles, en el centro de la ciudad de Oaxaca.<\/p>\n\n\n\n<p>Y es que los inconformes retomaron su a\u00f1eja demanda de que las plazas que dejen los jubilados puedan ser heredadas a sus hijos u otros familiares; han se\u00f1alado adem\u00e1s corrupci\u00f3n de la dirigencia en el otorgamiento de las bases.<\/p>\n\n\n\n<p>\u201cEn relaci\u00f3n con las recientes declaraciones emitidas por un grupo que se hace llamar Frente de Jubilados 2015-2025, la Secci\u00f3n XXII del SNTE-CNTE rechaza categ\u00f3ricamente las acusaciones infundadas, tendenciosas y malintencionadas que pretenden desacreditar el trabajo y la lucha hist\u00f3rica de nuestro movimiento\u201d, precis\u00f3 en un comunicado.<\/p>\n\n\n\n<p>Detall\u00f3 que la Secci\u00f3n 22 no es la instancia encargada de realizar contrataciones ni la asignaci\u00f3n de plazas. \u201cComo organizaci\u00f3n sindical, nuestra funci\u00f3n es defender los derechos laborales y profesionales de las y los trabajadores de la educaci\u00f3n, no administrar plazas ni imponer nombramientos.<\/p>\n\n\n\n<p>\ufeff\ufeff\u201d\ufeffLas acusaciones de \u2018venta de plazas\u2019 y \u2018actuar como c\u00e1rtel\u2019 no s\u00f3lo son falsas, sino que representan un ataque directo contra el trabajo colectivo y combativo de miles de maestras y maestros que, en condiciones muchas veces precarias, brindan el servicio educativo en todo el estado\u201d, expuso.<\/p>\n\n\n\n<p>Demand\u00f3 respeto y responsabilidad a los jubilados inconformes y les record\u00f3 que los lineamientos y principios rectores de la gremial prohiben la difusi\u00f3n de desinformaci\u00f3n para generar confusi\u00f3n y divisi\u00f3n.<\/p>\n\n\n\n<p>\u201cNo permitiremos que grupos minoritarios, con intereses particulares, pretendan empa\u00f1ar el trabajo de nuestras bases que diariamente construyen, con dignidad y resistencia, la educaci\u00f3n en las comunidades m\u00e1s olvidadas del pa\u00eds\u201d, destac\u00f3.<\/p>\n\n\n\n<p>Record\u00f3 que esta problem\u00e1tica que actualmente enfrentan los trabajadores de la educaci\u00f3n tiene su origen en la implementaci\u00f3n de la mal llamada reforma educativa impuesta primero por Enrique Pe\u00f1a Nieto en el a\u00f1o 2013, y continuada por el gobierno de Andr\u00e9s Manuel L\u00f3pez Obrador, as\u00ed como por el decreto de Gabino Cu\u00e9 Monteagudo en el a\u00f1o 2015.<\/p>\n\n\n\n<p>OTRO RECHAZO<\/p>\n\n\n\n<p>Por su parte, la Secretar\u00eda de Jubilados y Pensionados de la Secci\u00f3n 22 emiti\u00f3 tambi\u00e9n su postura y se manifest\u00f3 en contra de la forma de actuar de quienes han protestado en los dos \u00faltimos d\u00edas, denominado Frente de Lucha de Jubilados 2015-2022.<\/p>\n\n\n\n<p>Inform\u00f3 que desde el 6 de junio del 2023 se canaliz\u00f3 este planteamiento a las autoridades educativas; el 14 de mayo de 2024 se analiz\u00f3 de nuevo la problem\u00e1tica, donde reprobaron las protestas de los jubilados.<\/p>\n\n\n\n<p>\u201cRechazo a la incursi\u00f3n de personas ajenas a cualquiera de las delegaciones de los jubilados; todo planteamiento debe ser respetando la estructura que como Secci\u00f3n 22 est\u00e1 vigente y cualquier planteamiento y forma de actuar tiene que estar avalada por dicha estructura\u201d, destac\u00f3.<\/p>\n","protected":false},"excerpt":{"rendered":"<p>Ismael Garc\u00eda M.\/Zona Roja. Oaxaca, Oax., a 8 de octubre de 2025.- Luego de dos&hellip;<\/p>\n","protected":false},"author":2,"featured_media":85526,"comment_status":"closed","ping_status":"open","sticky":false,"template":"","format":"standard","meta":{"_lmt_disableupdate":"","_lmt_disable":"","_jetpack_memberships_contains_paid_content":false,"footnotes":""},"categories":[109,47],"tags":[312],"class_list":["post-85525","post","type-post","status-publish","format-standard","has-post-thumbnail","hentry","category-minuto-a-minuto","category-zona-gris","tag-seccion-22-del-snte"],"jetpack_featured_media_url":"https:\/\/zonaroja.com.mx\/wp-content\/uploads\/2025\/10\/Protesta-jubilados-Seccion-22.jpg","jetpack_sharing_enabled":true,"_links":{"self":[{"href":"https:\/\/zonaroja.com.mx\/index.php?rest_route=\/wp\/v2\/posts\/85525","targetHints":{"allow":["GET"]}}],"collection":[{"href":"https:\/\/zonaroja.com.mx\/index.php?rest_route=\/wp\/v2\/posts"}],"about":[{"href":"https:\/\/zonaroja.com.mx\/index.php?rest_route=\/wp\/v2\/types\/post"}],"author":[{"embeddable":true,"href":"https:\/\/zonaroja.com.mx\/index.php?rest_route=\/wp\/v2\/users\/2"}],"replies":[{"embeddable":true,"href":"https:\/\/zonaroja.com.mx\/index.php?rest_route=%2Fwp%2Fv2%2Fcomments&post=85525"}],"version-history":[{"count":1,"href":"https:\/\/zonaroja.com.mx\/index.php?rest_route=\/wp\/v2\/posts\/85525\/revisions"}],"predecessor-version":[{"id":85527,"href":"https:\/\/zonaroja.com.mx\/index.php?rest_route=\/wp\/v2\/posts\/85525\/revisions\/85527"}],"wp:featuredmedia":[{"embeddable":true,"href":"https:\/\/zonaroja.com.mx\/index.php?rest_route=\/wp\/v2\/media\/85526"}],"wp:attachment":[{"href":"https:\/\/zonaroja.com.mx\/index.php?rest_route=%2Fwp%2Fv2%2Fmedia&parent=85525"}],"wp:term":[{"taxonomy":"category","embeddable":true,"href":"https:\/\/zonaroja.com.mx\/index.php?rest_route=%2Fwp%2Fv2%2Fcategories&post=85525"},{"taxonomy":"post_tag","embeddable":true,"href":"https:\/\/zonaroja.com.mx\/index.php?rest_route=%2Fwp%2Fv2%2Ftags&post=85525"}],"curies":[{"name":"wp","href":"https:\/\/api.w.org\/{rel}","templated":true}]}}