{"id":85534,"date":"2025-10-08T12:19:00","date_gmt":"2025-10-08T18:19:00","guid":{"rendered":"https:\/\/zonaroja.com.mx\/?p=85534"},"modified":"2025-10-08T08:20:00","modified_gmt":"2025-10-08T14:20:00","slug":"opinion-prioridades","status":"publish","type":"post","link":"https:\/\/zonaroja.com.mx\/?p=85534","title":{"rendered":"Opini\u00f3n. Prioridades"},"content":{"rendered":"\n<p>N\u00e9stor Y. S\u00e1nchez Islas<\/p>\n\n\n\n<p>\u201c\u00bfC\u00f3mo que no le hicieron fiesta a su hija? Seguro no tienen dinero, seguro no la quieren, seguro no cumplieron.<\/p>\n\n\n\n<p>\u00bfQu\u00e9 dir\u00e1n s\u00ed no le hago una gran fiesta de quince a\u00f1os\u201d?&nbsp;Esa&nbsp;pregunta&nbsp;tantas veces escuchada esconde detr\u00e1s un&nbsp;rito&nbsp;tan fuerte que&nbsp;condiciona&nbsp;la conducta de muchas&nbsp;personas.<\/p>\n\n\n\n<p>La historia se&nbsp;cuenta&nbsp;hasta en pel\u00edculas. Existe varios ejemplos de dramas en donde el padre de familia,&nbsp;apesadumbrado&nbsp;por el qu\u00e9 dir\u00e1n, pide prestado, comete un fraude, roba, se mete de delincuente, se disfraza&nbsp;o&nbsp;hace mil malabares para conseguir los recursos que le permitan apantallar a sus vecinos organizando una gran fiesta que va m\u00e1s all\u00e1 de sus posibilidades.<\/p>\n\n\n\n<p>No tiene suficientes recursos y, en lugar de atender otras prioridades, se enloquece dej\u00e1ndose llevar \u00fanicamente por las apariencias. Puede no tener casa propia,&nbsp;poseer&nbsp;otras deudas, faltarle dinero para las colegiaturas de otros hijos o hasta para llegar al fin de quincena, pero la fiesta de los quince a\u00f1os&nbsp;ser\u00e1&nbsp;su prioridad.&nbsp;En su cabeza, su lugar en la historia quedar\u00e1 inscrito con letras de oro en la memoria de sus invitados gracias a una prioridad que no lo era.<\/p>\n\n\n\n<p>El ritual de los quince a\u00f1os, de origen religioso, se ha convertido en un escaparate social. El temor al juicio social se transforma en una pesada carga financiera y compromete el futuro econ\u00f3mico de la familia.&nbsp;Todo raciocinio econ\u00f3mico desaparece ante el peso del famoso \u201cqu\u00e9 dir\u00e1n\u201d.&nbsp;Nuestra ciudad capital est\u00e1 ante una situaci\u00f3n similar. No tiene recursos, pero quiere gastar en un edificio que nadie ha pedido, que a nadie le hace falta, pero que servir\u00e1 para&nbsp;el qu\u00e9 dir\u00e1n en materia pol\u00edtica.<\/p>\n\n\n\n<p>La capital, como todo el pa\u00eds, tiene muchas prioridades. Se repite aqu\u00ed la locura fara\u00f3nica de L\u00f3pez Obrador que, pensando que se elevar\u00e1 a los altares de la patria construyendo obras que a nadie sirven, olvidan&nbsp;lo b\u00e1sico. En el caso local, la ciudad est\u00e1 llena de prioridades que necesitan los casi 2 mil millones de pesos que se piensan gastar en una edificio que colapsar\u00e1&nbsp;el \u00e1rea&nbsp;urbana de esa parte de la ciudad: consumo de agua, de energ\u00eda, de espacios de estacionamiento, entre otros. A cambio, convertir\u00e1n&nbsp;el lugar&nbsp;en \u00e1rea&nbsp;de ambulantaje, protestas, plantones y bloqueos. \u00bfLa ciudad necesito eso?<\/p>\n\n\n\n<p>Lo que aqu\u00ed escribo y lo que cientos expresan en redes sociales no los har\u00e1n cambiar de opini\u00f3n, sin embargo, para la historia debe quedar testimonio del rechazo a una obra que carece de prioridad p\u00fablica, aunque si la tiene como gran negocio de quienes participar\u00e1n en la ingenier\u00eda financiera.<\/p>\n\n\n\n<p>No existe racionalidad alguna en las cuentas del monto de ahorro en rentas ni en el valor del edificio que, despu\u00e9s de 20 a\u00f1os, pasar\u00e1 a ser propiedad del ayuntamiento porque ese patrimonio no podr\u00e1 enajenarse en caso necesario.<\/p>\n\n\n\n<p>Deber\u00edan pensar las autoridades en el gran rechazo que existe hacia ellos. Est\u00e1n como locos buscando exprimir al ciudadano. Ya sea con operativos viales a tontas y locas sin ning\u00fan objetivo m\u00e1s que el de obtener millones de pesos en multas. El costo de los derechos que cobran&nbsp;es&nbsp;exorbitante comparado con lo que en servicios nos devuelve. Prediales, continuaci\u00f3n de operaciones, permisos de obra, catastro&nbsp;y todos los casi 800&nbsp;tr\u00e1mites&nbsp;de su cat\u00e1logo est\u00e1n por las nubes en una ciudad en donde la econom\u00eda&nbsp;en m\u00e1s de un 80 % est\u00e1 en la informalidad. La autoridad en lugar de favorecer la actividad econ\u00f3mica la entorpece, pero a\u00fan as\u00ed, busca cobrar cada d\u00eda m\u00e1s y m\u00e1s.<\/p>\n\n\n\n<p>El sentido com\u00fan&nbsp;nos dice algo muy sencillo:&nbsp;s\u00ed&nbsp;el ayuntamiento&nbsp;usa&nbsp;90 centavos de cada peso en su gasto corriente&nbsp;para&nbsp;el pago de su abultada n\u00f3mina de casi 5 mil empleados&nbsp;y en&nbsp;cinco o seis sindicatos con prestaciones&nbsp;y pensiones, los necesarios ahorros deber\u00edan hacerlos reduciendo el gasto corriente&nbsp;y priorizando los servicios urbanos.<\/p>\n\n\n\n<p>En muchos gobiernos de M\u00e9xico y Am\u00e9rica Latina, las prioridades no se definen a partir de un an\u00e1lisis serio de necesidades sociales, sino de la l\u00f3gica de la apariencia y la inmediatez pol\u00edtica. As\u00ed como algunas familias se endeudan para celebrar una fiesta de quince a\u00f1os con el \u00fanico fin de no quedar mal frente a la comunidad, muchos gobiernos se embarcan en megaproyectos, monumentos u obras \u201cemblem\u00e1ticas\u201d que tienen m\u00e1s de espect\u00e1culo que de utilidad real.<\/p>\n\n\n\n<p>El patr\u00f3n es el mismo: se prioriza lo que puede ser fotografiado por encima de lo que realmente podr\u00eda transformar las condiciones de vida. Cual padre irresponsable, la autoridad municipal prefiere el endeudamiento a la racionalidad.<\/p>\n\n\n\n<p>DISCRIMINACI\u00d3N.<\/p>\n\n\n\n<p>El gobierno&nbsp;tiene&nbsp;la ocurrencia de poner nombres en zapoteco. Sin embargo, nuestra tierra es origen de 15 lenguas maternas:&nbsp;Amuzgo, Chatino, Chinanteco, Chocholteco, Chontal, Cuicateco, Huave, Ixcateco, Mazateco, Mixe, Mixteco, N\u00e1huatl, Triqui, Zapoteco, Zoque.&nbsp;\u00bfCu\u00e1ndo rotular\u00e1n con todas ellas sus obras y ocurrencias?<\/p>\n\n\n\n<p>nestoryuri@yahoo.com<\/p>\n","protected":false},"excerpt":{"rendered":"<p>N\u00e9stor Y. S\u00e1nchez Islas \u201c\u00bfC\u00f3mo que no le hicieron fiesta a su hija? Seguro no&hellip;<\/p>\n","protected":false},"author":2,"featured_media":67897,"comment_status":"closed","ping_status":"open","sticky":false,"template":"","format":"standard","meta":{"_lmt_disableupdate":"","_lmt_disable":"","_jetpack_memberships_contains_paid_content":false,"footnotes":""},"categories":[456,109],"tags":[3050],"class_list":["post-85534","post","type-post","status-publish","format-standard","has-post-thumbnail","hentry","category-columna","category-minuto-a-minuto","tag-nestor-yuri-sanchez"],"jetpack_featured_media_url":"https:\/\/zonaroja.com.mx\/wp-content\/uploads\/2024\/05\/Opinion-Nestor-Yuri-Sanchez.jpeg","jetpack_sharing_enabled":true,"_links":{"self":[{"href":"https:\/\/zonaroja.com.mx\/index.php?rest_route=\/wp\/v2\/posts\/85534","targetHints":{"allow":["GET"]}}],"collection":[{"href":"https:\/\/zonaroja.com.mx\/index.php?rest_route=\/wp\/v2\/posts"}],"about":[{"href":"https:\/\/zonaroja.com.mx\/index.php?rest_route=\/wp\/v2\/types\/post"}],"author":[{"embeddable":true,"href":"https:\/\/zonaroja.com.mx\/index.php?rest_route=\/wp\/v2\/users\/2"}],"replies":[{"embeddable":true,"href":"https:\/\/zonaroja.com.mx\/index.php?rest_route=%2Fwp%2Fv2%2Fcomments&post=85534"}],"version-history":[{"count":1,"href":"https:\/\/zonaroja.com.mx\/index.php?rest_route=\/wp\/v2\/posts\/85534\/revisions"}],"predecessor-version":[{"id":85535,"href":"https:\/\/zonaroja.com.mx\/index.php?rest_route=\/wp\/v2\/posts\/85534\/revisions\/85535"}],"wp:featuredmedia":[{"embeddable":true,"href":"https:\/\/zonaroja.com.mx\/index.php?rest_route=\/wp\/v2\/media\/67897"}],"wp:attachment":[{"href":"https:\/\/zonaroja.com.mx\/index.php?rest_route=%2Fwp%2Fv2%2Fmedia&parent=85534"}],"wp:term":[{"taxonomy":"category","embeddable":true,"href":"https:\/\/zonaroja.com.mx\/index.php?rest_route=%2Fwp%2Fv2%2Fcategories&post=85534"},{"taxonomy":"post_tag","embeddable":true,"href":"https:\/\/zonaroja.com.mx\/index.php?rest_route=%2Fwp%2Fv2%2Ftags&post=85534"}],"curies":[{"name":"wp","href":"https:\/\/api.w.org\/{rel}","templated":true}]}}