{"id":85537,"date":"2025-10-08T12:24:34","date_gmt":"2025-10-08T18:24:34","guid":{"rendered":"https:\/\/zonaroja.com.mx\/?p=85537"},"modified":"2025-10-08T12:24:34","modified_gmt":"2025-10-08T18:24:34","slug":"detiene-fiscalia-a-probable-participe-de-desaparicion-de-erick-jair-es-integrante-de-confederacion-joven","status":"publish","type":"post","link":"https:\/\/zonaroja.com.mx\/?p=85537","title":{"rendered":"Detiene Fiscal\u00eda a probable part\u00edcipe de desaparici\u00f3n de \u00c9rick Jair; es integrante de Confederaci\u00f3n Joven"},"content":{"rendered":"\n<p class=\"MsoNormal\">Raymundo Morales\/Zona Roja.&nbsp;<\/p>\n\n\n\n<p class=\"MsoNormal\">Oaxaca, Oax.; a 8 de octubre.- La&nbsp;Fiscal\u00eda General del Estado de Oaxaca (FGEO) detuvo ayer a \u00c9rick Alejandro M. L., como probable part\u00edcipe de la desaparici\u00f3n del joven \u00c9rick Jair P. L., quien fue visto por \u00faltima vez desde hace tres meses en San Agust\u00edn de las Juntas.&nbsp;<\/p>\n\n\n\n<p class=\"MsoNormal\">El individuo conocido como \u201cTalib\u00e1n\u201d es taxista de la unidad con n\u00famero econ\u00f3mico 07-707, afiliada al sindicato Confederaci\u00f3n Joven e inicialmente fue aprehendido por el delito agresiones, previo a la desaparici\u00f3n.<\/p>\n\n\n\n<p class=\"MsoNormal\">De acuerdo con un comunicado de la Fiscal\u00eda General, esta detenci\u00f3n est\u00e1 relacionada con la primera denuncia que present\u00f3 el joven, en abril pasado.&nbsp;&nbsp;<\/p>\n\n\n\n<p class=\"MsoNormal\">Seg\u00fan el expediente penal, el 15 de abril de 2025, la v\u00edctima denunci\u00f3 que se encontraba en su domicilio en inmediaciones del municipio de San Agust\u00edn de las Juntas, a donde arrib\u00f3 un grupo de mototaxistas de la zona, quienes agredieron f\u00edsicamente a la v\u00edctima.&nbsp;<\/p>\n\n\n\n<p class=\"MsoNormal\">En su declaraci\u00f3n, detalla que al lugar llegaron dos patrullas de la Polic\u00eda Municipal de San Agust\u00edn de las Juntas, cuyos elementos habr\u00edan esposado a la v\u00edctima y lo trasladaron hacia rumbo desconocido y lo entregaron a un grupo de civiles.<\/p>\n\n\n\n<p class=\"MsoNormal\">La investigaci\u00f3n revela que, minutos m\u00e1s tarde, agredieron f\u00edsicamente a la v\u00edctima que logr\u00f3 identificar a sus agresores y el veh\u00edculo en el que lo trasladaron, el cual correspond\u00eda a un taxi del sitio de \u201cSan Agust\u00edn Obispo\u201d.<\/p>\n\n\n\n<p class=\"MsoNormal\">Derivado de la denuncia por estos hechos, la FGEO inici\u00f3 las investigaciones correspondientes a trav\u00e9s de la Vicefiscal\u00eda Regional de Valles Centrales, que permitieron obtener una orden de aprehensi\u00f3n contra el alias \u201cTalib\u00e1n\u201d, por el delito de Lesiones Calificadas con Ventaja, la cual fue ejecutada por elementos de la Agencia Estatal de Investigaciones (AEI).&nbsp;<\/p>\n\n\n\n<p class=\"MsoNormal\">En audiencia, el Juez de Control, valor\u00f3 los datos aportados por la Fiscal\u00eda de Oaxaca y calific\u00f3 como legal la detenci\u00f3n de E.A.M.L., imponiendo la medida cautelar de prisi\u00f3n preventiva justificada, adem\u00e1s que se solicit\u00f3 la vinculaci\u00f3n a proceso.&nbsp;<\/p>\n\n\n\n<p class=\"MsoNormal\">Asimismo, como parte de las investigaciones, la Fiscal\u00eda General del Estado de Oaxaca deriv\u00f3 a la Fiscal\u00eda Especializada en Materia de Combate a la Corrupci\u00f3n del Estado de Oaxaca (FEMCO) el caso para determinar la posible responsabilidad de los elementos de la Polic\u00eda Municipal de San Agust\u00edn de las Juntas en estos hechos al tratarse de funcionarios p\u00fablicos.&nbsp;<\/p>\n\n\n\n<p class=\"MsoNormal\">En tanto que, la Fiscal\u00eda de Oaxaca, a trav\u00e9s de la Vicefiscal\u00eda General de Atenci\u00f3n a V\u00edctimas y la Sociedad, intensifica los trabajos ministeriales para la b\u00fasqueda y localizaci\u00f3n de Erick Yair P.L.<\/p>\n\n\n\n<p class=\"MsoNormal\">\u201cLa Fiscal\u00eda de Oaxaca tiene el compromiso de realizar trabajos ministeriales minuciosos y con estricto apego a la ley para que las v\u00edctimas directas e indirectas tengan pleno acceso a la justicia\u201d, destac\u00f3 la instituci\u00f3n que encabeza Bernardo Rodr\u00edguez Alamilla.<\/p>\n","protected":false},"excerpt":{"rendered":"<p>Raymundo Morales\/Zona Roja.&nbsp; Oaxaca, Oax.; a 8 de octubre.- La&nbsp;Fiscal\u00eda General del Estado de Oaxaca&hellip;<\/p>\n","protected":false},"author":2,"featured_media":85536,"comment_status":"closed","ping_status":"open","sticky":false,"template":"","format":"standard","meta":{"_lmt_disableupdate":"","_lmt_disable":"","_jetpack_memberships_contains_paid_content":false,"footnotes":""},"categories":[109,46],"tags":[],"class_list":["post-85537","post","type-post","status-publish","format-standard","has-post-thumbnail","hentry","category-minuto-a-minuto","category-zona-blanca"],"jetpack_featured_media_url":"https:\/\/zonaroja.com.mx\/wp-content\/uploads\/2025\/10\/bdb94b75-070f-4c27-af6b-b255e17c2e64.jpg","jetpack_sharing_enabled":true,"_links":{"self":[{"href":"https:\/\/zonaroja.com.mx\/index.php?rest_route=\/wp\/v2\/posts\/85537","targetHints":{"allow":["GET"]}}],"collection":[{"href":"https:\/\/zonaroja.com.mx\/index.php?rest_route=\/wp\/v2\/posts"}],"about":[{"href":"https:\/\/zonaroja.com.mx\/index.php?rest_route=\/wp\/v2\/types\/post"}],"author":[{"embeddable":true,"href":"https:\/\/zonaroja.com.mx\/index.php?rest_route=\/wp\/v2\/users\/2"}],"replies":[{"embeddable":true,"href":"https:\/\/zonaroja.com.mx\/index.php?rest_route=%2Fwp%2Fv2%2Fcomments&post=85537"}],"version-history":[{"count":1,"href":"https:\/\/zonaroja.com.mx\/index.php?rest_route=\/wp\/v2\/posts\/85537\/revisions"}],"predecessor-version":[{"id":85538,"href":"https:\/\/zonaroja.com.mx\/index.php?rest_route=\/wp\/v2\/posts\/85537\/revisions\/85538"}],"wp:featuredmedia":[{"embeddable":true,"href":"https:\/\/zonaroja.com.mx\/index.php?rest_route=\/wp\/v2\/media\/85536"}],"wp:attachment":[{"href":"https:\/\/zonaroja.com.mx\/index.php?rest_route=%2Fwp%2Fv2%2Fmedia&parent=85537"}],"wp:term":[{"taxonomy":"category","embeddable":true,"href":"https:\/\/zonaroja.com.mx\/index.php?rest_route=%2Fwp%2Fv2%2Fcategories&post=85537"},{"taxonomy":"post_tag","embeddable":true,"href":"https:\/\/zonaroja.com.mx\/index.php?rest_route=%2Fwp%2Fv2%2Ftags&post=85537"}],"curies":[{"name":"wp","href":"https:\/\/api.w.org\/{rel}","templated":true}]}}