{"id":85539,"date":"2025-10-08T18:08:22","date_gmt":"2025-10-09T00:08:22","guid":{"rendered":"https:\/\/zonaroja.com.mx\/?p=85539"},"modified":"2025-10-08T18:08:25","modified_gmt":"2025-10-09T00:08:25","slug":"se-agrava-conflicto-entre-yolotepec-y-yosondua-a-casi-dos-meses-de-resurgimiento","status":"publish","type":"post","link":"https:\/\/zonaroja.com.mx\/?p=85539","title":{"rendered":"Se agrava conflicto entre Yolotepec y Yosond\u00faa, a casi dos meses de resurgimiento\u00a0"},"content":{"rendered":"\n<p>Lisbeth Mej\u00eda Reyes\/Zona Roja.<\/p>\n\n\n\n<p>Oaxaca, Oax., a 8 de octubre de 2025.- El conflicto agrario entre Santa Mar\u00eda Yolotepec y Santiago Yosond\u00faa se agrav\u00f3 este mi\u00e9rcoles con un nuevo ataque armado en la zona en disputa entre ambas comunidades de la regi\u00f3n Mixteca de Oaxaca.&nbsp;<\/p>\n\n\n\n<p>En tanto, a casi dos meses del resurgimiento del conflicto, m\u00e1s de 200 personas de la agencia Buenavista, Yosond\u00faa, siguen desplazadas y sin garant\u00edas de retorno.<\/p>\n\n\n\n<p>La comunidad de Buenavista, perteneciente a Yosond\u00faa, denunci\u00f3 que este mi\u00e9rcoles hubo nuevas agresiones y quema de viviendas por parte de sus vecinos de Santa Mar\u00eda Yolotepec, quienes est\u00e1n violando los acuerdos de paz de la minuta del 6 de octubre para provocar a sus vecinos.&nbsp;<\/p>\n\n\n\n<p>Adem\u00e1s, acus\u00f3 a los gobiernos estatal y federal de ser negligentes ante el conflicto, al no garantizar la seguridad ni la resoluci\u00f3n del problema.&nbsp;<\/p>\n\n\n\n<p>Ante \u00e9sto, exigieron la presencia de corporaciones de seguridad y que se aplique la ley por lo agravios cometidos por Yolotepec.&nbsp;<\/p>\n\n\n\n<p>Asimismo, responsabilizaron directamente al comisariado de Bienes Comunales de Santa Mar\u00eda Yolopec, Florentino Velasco Jim\u00e9nez, por estos ataques.<\/p>\n\n\n\n<p>Por su parte, Yolotepec tambi\u00e9n ha se\u00f1alado como responsable de las agresiones armadas en su contra a Yosond\u00faa, que presuntamente inici\u00f3 el ataque el 7 de octubre, un d\u00eda despu\u00e9s de los acuerdos alcanzados en las mesas de di\u00e1logo con el gobierno estatal. Tambi\u00e9n ha se\u00f1alado la presunta intromisi\u00f3n de personas externas en el conflicto.&nbsp;<\/p>\n\n\n\n<p>Sin embargo, Yosond\u00faa reitera que es Yolotepec el municipio que est\u00e1 provocando las agresiones para quedar como v\u00edctima.<\/p>\n\n\n\n<p>El conflicto entre ambas poblaciones data de varios a\u00f1os, pero estall\u00f3 el pasado 18 de agosto. Entonces, el presidente de Yosond\u00faa, &nbsp;Cristino Ram\u00edrez Ch\u00e1vez, dijo que habitantes de la rancher\u00eda Buenavista fueron agredidos por parte de Yolotepec, con saldo de una persona lesionada de bala, varias m\u00e1s retenidas y al menos seis viviendas incendiadas.<\/p>\n\n\n\n<p>Por su parte, el edil de Yolotepec, Salvador Sosa L\u00f3pez, admiti\u00f3 que hubo disparos de ambas partes, pero neg\u00f3 que hayan lesionado o secuestrado a gente de la rancher\u00eda Buenavista.&nbsp;<\/p>\n\n\n\n<p>Incluso, dijo que la autoridad de Yosond\u00faa minti\u00f3 y que en realidad fueron aproximadamente 400 habitantes de diversas agencias de Yosond\u00faa quienes ingresaron a tierras comunales de Yolotepec y da\u00f1aron las milpas y una casa. \u00abPor esa raz\u00f3n hubo disparos de armas de fuego por ambas partes\u00bb.<\/p>\n\n\n\n<p>En estos casi dos meses, y con el acompa\u00f1amiento de la Defensor\u00eda Popular \u201cRicardo Flores Mag\u00f3n\u201d, que coordina Felipe Canseco Ruiz, habitantes de Buenavista, Yosond\u00faa, han pedido la intervenci\u00f3n del ministro presidente de la Suprema Corte de Justicia de la Naci\u00f3n, Hugo Aguilar, en la soluci\u00f3n del conflicto y el retorno seguro a sus hogares. Tambi\u00e9n han solicitado la intervenci\u00f3n de la presidenta Claudia Sheinbaum Pardo.<\/p>\n\n\n\n<p>De acuerdo con Yolotepec, que se considera como propietario de la zona en disputa, el conflicto entre ambas comunidades llev\u00f3 a un juicio agrario que dur\u00f3 varios a\u00f1os.&nbsp;<\/p>\n\n\n\n<p>\u00abUn juicio agrario por restituci\u00f3n de tierras, el cual tuvo varias resoluciones, todas a favor de Santa Mar\u00eda Yolotepec\u00bb y por lo cual este municipio es \u00ableg\u00edtimo due\u00f1o de la superficie en las que est\u00e1n asentadas las comunidades de Buena Vista y Chicava\u00bb.<\/p>\n","protected":false},"excerpt":{"rendered":"<p>Lisbeth Mej\u00eda Reyes\/Zona Roja. Oaxaca, Oax., a 8 de octubre de 2025.- El conflicto agrario&hellip;<\/p>\n","protected":false},"author":2,"featured_media":85540,"comment_status":"closed","ping_status":"open","sticky":false,"template":"","format":"standard","meta":{"_lmt_disableupdate":"","_lmt_disable":"","_jetpack_memberships_contains_paid_content":false,"footnotes":""},"categories":[109,47],"tags":[4412,3925],"class_list":["post-85539","post","type-post","status-publish","format-standard","has-post-thumbnail","hentry","category-minuto-a-minuto","category-zona-gris","tag-santa-maria-yolotepec","tag-santiago-yosondua"],"jetpack_featured_media_url":"https:\/\/zonaroja.com.mx\/wp-content\/uploads\/2025\/10\/G2v1vpdXQAAwHrW.jpeg","jetpack_sharing_enabled":true,"_links":{"self":[{"href":"https:\/\/zonaroja.com.mx\/index.php?rest_route=\/wp\/v2\/posts\/85539","targetHints":{"allow":["GET"]}}],"collection":[{"href":"https:\/\/zonaroja.com.mx\/index.php?rest_route=\/wp\/v2\/posts"}],"about":[{"href":"https:\/\/zonaroja.com.mx\/index.php?rest_route=\/wp\/v2\/types\/post"}],"author":[{"embeddable":true,"href":"https:\/\/zonaroja.com.mx\/index.php?rest_route=\/wp\/v2\/users\/2"}],"replies":[{"embeddable":true,"href":"https:\/\/zonaroja.com.mx\/index.php?rest_route=%2Fwp%2Fv2%2Fcomments&post=85539"}],"version-history":[{"count":1,"href":"https:\/\/zonaroja.com.mx\/index.php?rest_route=\/wp\/v2\/posts\/85539\/revisions"}],"predecessor-version":[{"id":85541,"href":"https:\/\/zonaroja.com.mx\/index.php?rest_route=\/wp\/v2\/posts\/85539\/revisions\/85541"}],"wp:featuredmedia":[{"embeddable":true,"href":"https:\/\/zonaroja.com.mx\/index.php?rest_route=\/wp\/v2\/media\/85540"}],"wp:attachment":[{"href":"https:\/\/zonaroja.com.mx\/index.php?rest_route=%2Fwp%2Fv2%2Fmedia&parent=85539"}],"wp:term":[{"taxonomy":"category","embeddable":true,"href":"https:\/\/zonaroja.com.mx\/index.php?rest_route=%2Fwp%2Fv2%2Fcategories&post=85539"},{"taxonomy":"post_tag","embeddable":true,"href":"https:\/\/zonaroja.com.mx\/index.php?rest_route=%2Fwp%2Fv2%2Ftags&post=85539"}],"curies":[{"name":"wp","href":"https:\/\/api.w.org\/{rel}","templated":true}]}}