{"id":85545,"date":"2025-10-08T20:52:40","date_gmt":"2025-10-09T02:52:40","guid":{"rendered":"https:\/\/zonaroja.com.mx\/?p=85545"},"modified":"2025-10-08T20:52:41","modified_gmt":"2025-10-09T02:52:41","slug":"arrecian-protestas-del-sector-educativo-de-oaxaca-y-el-ieepo-ausente","status":"publish","type":"post","link":"https:\/\/zonaroja.com.mx\/?p=85545","title":{"rendered":"Arrecian protestas del sector educativo de Oaxaca\u2026 y el IEEPO ausente"},"content":{"rendered":"\n<p>Lisbeth Mej\u00eda Reyes\/Zona Roja.<\/p>\n\n\n\n<p>Oaxaca, Oax., a 8 de octubre de 2025.- Las protestas de docentes, supervisores, jefes de sector y personal de apoyo educativo, adheridos a diferentes organizaciones sindicales como la Secci\u00f3n 22 y el Sindicato Independiente de Trabajadores de la Educaci\u00f3n (SITEM), se intensificaron esta semana en Oaxaca.&nbsp;<\/p>\n\n\n\n<p>Adem\u00e1s de que a las manifestaciones se sum\u00f3 una del Frente de Lucha de Jubilados de la Secci\u00f3n 22, quienes este mi\u00e9rcoles cumplieron tres d\u00edas de protesta porque desde 2015 no han podido heredar sus plazas a su hijos, debido a la reforma educativa.<\/p>\n\n\n\n<p>Este mi\u00e9rcoles, dos nuevas manifestaciones se registraron en Santa Luc\u00eda del Camino. Primero por parte de docentes del nivel de Telesecundarias adheridos a la Secci\u00f3n 22 del Sindicato Nacional de Trabajadores de la Educaci\u00f3n (SNTE), quienes bloquearon la avenida L\u00e1zaro C\u00e1rdenas, a la altura del Centro Cultural y de Convenciones, para exigir a la dirigencia magisterial, al gobierno estatal y al federal m\u00e1s docentes. \u00ab\u00a1No a la fusi\u00f3n de grados por falta de maestros!\u00bb, expresaron.<\/p>\n\n\n\n<p>En la misma zona protest\u00f3 el Personal de Apoyo y Asistencia a la Educaci\u00f3n (PAAE) de la delegaci\u00f3n D-III-4, tambi\u00e9n adherida a la Secci\u00f3n 22.&nbsp;<\/p>\n\n\n\n<p>Con un bloqueo que se mantuvo en la avenida L\u00e1zaro C\u00e1rdenas y se extendi\u00f3 a la avenida Ferrocarril, en el mismo municipio, el personal exig\u00eda una reuni\u00f3n delegacional para abordar asuntos internos con la representaci\u00f3n que asumi\u00f3 el cargo en marzo de este a\u00f1o.&nbsp;<\/p>\n\n\n\n<p>Las y los manifestantes acusaron que su dirigente (Luis P\u00e9rez Santiago) se ha negado a esta reuni\u00f3n. \u00abHay muchas inquietudes porque no ha presentado un plan de trabajo, no ha recibido la documentaci\u00f3n de la delegaci\u00f3n saliente. Tenemos inquietud varios compa\u00f1eros que estamos a punto de jubilarnos y necesitamos poner en orden nuestros asuntos internos\u00bb, expres\u00f3 Mar\u00eda Isabel Bautista Santiago, integrante de la delegaci\u00f3n.<\/p>\n\n\n\n<p>Este mi\u00e9rcoles se mantuvo por d\u00e9cimo d\u00eda consecutivo el plant\u00f3n de supervisores y jefes de sector de la Secci\u00f3n 22, quienes exigen al gobierno estatal y federal el otorgamiento de las claves para m\u00e1s de 100 supervisores y jefes que esperan el nombramiento. Adem\u00e1s del pago de sus salarios pendientes desde hace un a\u00f1o.&nbsp;<\/p>\n\n\n\n<p>Aunque el Instituto Estatal de Educaci\u00f3n P\u00fablica de Oaxaca inform\u00f3 ayer que se iba a instalar la mesa tripartita para atender el asunto, hasta este mi\u00e9rcoles no se han dado a conocer los resultados.<\/p>\n\n\n\n<p>CADENA DE PROTESTAS<\/p>\n\n\n\n<p>El pasado s\u00e1bado, docentes de la Direcci\u00f3n de Pueblos Originarios de Oaxaca, adheridos a la combativa Secci\u00f3n XXII de la Coordinadora Nacional de Trabajadores de la Educaci\u00f3n (CNTE), marcharon del monumento a Ju\u00e1rez al z\u00f3calo de la ciudad de Oaxaca para exigir al gobierno estatal y federal que reconozcan a la Direcci\u00f3n General de los Pueblos Originarios de Oaxaca (DGEPOO), creada en el 2019.<\/p>\n\n\n\n<p>Para las pr\u00f3ximas fechas, la direcci\u00f3n alista un paro de 48 horas, en espera de respuestas a sus demandas. De no conseguirlas, seguir\u00e1 un paro de 72 horas y posteriormente ser\u00e1 indefinido, seg\u00fan advirti\u00f3 el s\u00e1bado.<\/p>\n\n\n\n<p>El pasado lunes 6 de octubre, el Sindicato Independiente de Trabajadores de la Educaci\u00f3n de M\u00e9xico (SITEM), secci\u00f3n Oaxaca, tambi\u00e9n se manifest\u00f3, pero en las instalaciones de la delegaci\u00f3n estatal de la Secretar\u00eda de Educaci\u00f3n P\u00fablica (SEP), en la ciudad de Oaxaca. La protesta fue para exigir un alto a la discriminaci\u00f3n y exclusi\u00f3n de los ni\u00f1os del SITEM en el sistema educativo de Oaxaca. Adem\u00e1s, para exigir la entrega de libros de texto, mobiliario y \u00fatiles escolares.<\/p>\n\n\n\n<p>NUEVOS PAROS<\/p>\n\n\n\n<p>La Secci\u00f3n 22 del magisterio oaxaque\u00f1o tambi\u00e9n alista su participaci\u00f3n para el paro nacional de 24 horas del pr\u00f3ximo 17 de octubre en la Ciudad de M\u00e9xico, convocado por la Coordinadora Nacional de Trabajadores de la Educaci\u00f3n (CNTE).<\/p>\n\n\n\n<p>Lo anterior como parte de su jornada de lucha por la derogaci\u00f3n de la Ley del ISSSTE y de la reforma educativa. Adem\u00e1s de la capital del pa\u00eds, se prev\u00e9 que la protesta se replique en Oaxaca, Guerrero, Chiapas, Guanajuato, Colima, Tabasco, Veracruz, Michoac\u00e1n y Nuevo Le\u00f3n, estados con presencia de la CNTE.<\/p>\n","protected":false},"excerpt":{"rendered":"<p>Lisbeth Mej\u00eda Reyes\/Zona Roja. Oaxaca, Oax., a 8 de octubre de 2025.- Las protestas de&hellip;<\/p>\n","protected":false},"author":2,"featured_media":85546,"comment_status":"closed","ping_status":"open","sticky":false,"template":"","format":"standard","meta":{"_lmt_disableupdate":"","_lmt_disable":"","_jetpack_memberships_contains_paid_content":false,"footnotes":""},"categories":[109,47],"tags":[2264],"class_list":["post-85545","post","type-post","status-publish","format-standard","has-post-thumbnail","hentry","category-minuto-a-minuto","category-zona-gris","tag-bloqueos-y-protestas-oaxaca"],"jetpack_featured_media_url":"https:\/\/zonaroja.com.mx\/wp-content\/uploads\/2025\/10\/Bloqueos-sector-educativo-Oaxaca-protestas-.jpg","jetpack_sharing_enabled":true,"_links":{"self":[{"href":"https:\/\/zonaroja.com.mx\/index.php?rest_route=\/wp\/v2\/posts\/85545","targetHints":{"allow":["GET"]}}],"collection":[{"href":"https:\/\/zonaroja.com.mx\/index.php?rest_route=\/wp\/v2\/posts"}],"about":[{"href":"https:\/\/zonaroja.com.mx\/index.php?rest_route=\/wp\/v2\/types\/post"}],"author":[{"embeddable":true,"href":"https:\/\/zonaroja.com.mx\/index.php?rest_route=\/wp\/v2\/users\/2"}],"replies":[{"embeddable":true,"href":"https:\/\/zonaroja.com.mx\/index.php?rest_route=%2Fwp%2Fv2%2Fcomments&post=85545"}],"version-history":[{"count":1,"href":"https:\/\/zonaroja.com.mx\/index.php?rest_route=\/wp\/v2\/posts\/85545\/revisions"}],"predecessor-version":[{"id":85547,"href":"https:\/\/zonaroja.com.mx\/index.php?rest_route=\/wp\/v2\/posts\/85545\/revisions\/85547"}],"wp:featuredmedia":[{"embeddable":true,"href":"https:\/\/zonaroja.com.mx\/index.php?rest_route=\/wp\/v2\/media\/85546"}],"wp:attachment":[{"href":"https:\/\/zonaroja.com.mx\/index.php?rest_route=%2Fwp%2Fv2%2Fmedia&parent=85545"}],"wp:term":[{"taxonomy":"category","embeddable":true,"href":"https:\/\/zonaroja.com.mx\/index.php?rest_route=%2Fwp%2Fv2%2Fcategories&post=85545"},{"taxonomy":"post_tag","embeddable":true,"href":"https:\/\/zonaroja.com.mx\/index.php?rest_route=%2Fwp%2Fv2%2Ftags&post=85545"}],"curies":[{"name":"wp","href":"https:\/\/api.w.org\/{rel}","templated":true}]}}