{"id":85548,"date":"2025-10-08T21:34:36","date_gmt":"2025-10-09T03:34:36","guid":{"rendered":"https:\/\/zonaroja.com.mx\/?p=85548"},"modified":"2025-10-08T21:34:38","modified_gmt":"2025-10-09T03:34:38","slug":"con-fraude-pretenden-apoderarse-del-ayuntamiento-de-santa-maria-colotepec","status":"publish","type":"post","link":"https:\/\/zonaroja.com.mx\/?p=85548","title":{"rendered":"Con fraude, pretenden apoderarse del ayuntamiento de Santa Mar\u00eda Colotepec"},"content":{"rendered":"\n<p>Raymundo Morales\/Zona Roja.<\/p>\n\n\n\n<p>Oaxaca, Oax., a 8 de octubre de 2025.- Con m\u00faltiples irregularidades durante su campa\u00f1a, Rom\u00e1n Valencia y su mecenas Domingo Garc\u00eda Mijangos, pretenden cometer fraude en las elecciones para presidente municipal de Santa Mar\u00eda Colotepec, Oaxaca.<\/p>\n\n\n\n<p>As\u00ed lo denunciaron a trav\u00e9s de las redes sociales los pobladores de ese municipio de la Costa oaxaque\u00f1a, al llamar a la sociedad a no votar por ellos, pues lo \u00fanico que quieren es saquear el municipio.<\/p>\n\n\n\n<p>Y es que, seg\u00fan dieron a conocer, Rom\u00e1n Valencia no es originario de Colotepec, sino que tiene su residencia en San Pedro Mixtepec, con quienes mantienen una disputa por la posesi\u00f3n de Puerto Escondido.<\/p>\n\n\n\n<p>Y con el presunto dirigente de la Coordinadora Estatal de Pueblos de Oaxaca (CEPO) pretenden primero apoderarse de los recursos del ayuntamiento y segundo favorecer a Mixtepec en la disputa de tierras.<\/p>\n\n\n\n<p>Recordaron que Domingo Garc\u00eda Mijangos cuenta con investigaciones en la Fiscal\u00eda General del Estado por vender terrenos de forma ilegal, de defraudar y de enga\u00f1ar presumiendo que sus amigos son pol\u00edticos de renombre.<\/p>\n\n\n\n<p>Ahora ambos pretenden hacer ahora el negocio de su vida, ya que de ganar las elecciones le vender\u00e1n las tierras en disputa agraria a Mixtepec, dejando a Colotepec en la indefensi\u00f3n y a merced de sus vecinos.&nbsp;<\/p>\n\n\n\n<p>\u201c\u00bfSer\u00e1 que la ciudadan\u00eda de Colotepec va a permitir que esta dupla maneje los rumbos a su antojo y para su beneficio personal?, se preguntan los pobladores quienes llaman a evitar que dicha dupla se apodere del ayuntamiento.&nbsp;<\/p>\n","protected":false},"excerpt":{"rendered":"<p>Raymundo Morales\/Zona Roja. Oaxaca, Oax., a 8 de octubre de 2025.- Con m\u00faltiples irregularidades durante&hellip;<\/p>\n","protected":false},"author":2,"featured_media":85549,"comment_status":"closed","ping_status":"open","sticky":false,"template":"","format":"standard","meta":{"_lmt_disableupdate":"","_lmt_disable":"","_jetpack_memberships_contains_paid_content":false,"footnotes":""},"categories":[109,47],"tags":[3393,980],"class_list":["post-85548","post","type-post","status-publish","format-standard","has-post-thumbnail","hentry","category-minuto-a-minuto","category-zona-gris","tag-domingo-garcia-mijangos","tag-santa-maria-colotepec"],"jetpack_featured_media_url":"https:\/\/zonaroja.com.mx\/wp-content\/uploads\/2025\/10\/Candidato-Santa-Maria-Colotepec.jpeg","jetpack_sharing_enabled":true,"_links":{"self":[{"href":"https:\/\/zonaroja.com.mx\/index.php?rest_route=\/wp\/v2\/posts\/85548","targetHints":{"allow":["GET"]}}],"collection":[{"href":"https:\/\/zonaroja.com.mx\/index.php?rest_route=\/wp\/v2\/posts"}],"about":[{"href":"https:\/\/zonaroja.com.mx\/index.php?rest_route=\/wp\/v2\/types\/post"}],"author":[{"embeddable":true,"href":"https:\/\/zonaroja.com.mx\/index.php?rest_route=\/wp\/v2\/users\/2"}],"replies":[{"embeddable":true,"href":"https:\/\/zonaroja.com.mx\/index.php?rest_route=%2Fwp%2Fv2%2Fcomments&post=85548"}],"version-history":[{"count":1,"href":"https:\/\/zonaroja.com.mx\/index.php?rest_route=\/wp\/v2\/posts\/85548\/revisions"}],"predecessor-version":[{"id":85550,"href":"https:\/\/zonaroja.com.mx\/index.php?rest_route=\/wp\/v2\/posts\/85548\/revisions\/85550"}],"wp:featuredmedia":[{"embeddable":true,"href":"https:\/\/zonaroja.com.mx\/index.php?rest_route=\/wp\/v2\/media\/85549"}],"wp:attachment":[{"href":"https:\/\/zonaroja.com.mx\/index.php?rest_route=%2Fwp%2Fv2%2Fmedia&parent=85548"}],"wp:term":[{"taxonomy":"category","embeddable":true,"href":"https:\/\/zonaroja.com.mx\/index.php?rest_route=%2Fwp%2Fv2%2Fcategories&post=85548"},{"taxonomy":"post_tag","embeddable":true,"href":"https:\/\/zonaroja.com.mx\/index.php?rest_route=%2Fwp%2Fv2%2Ftags&post=85548"}],"curies":[{"name":"wp","href":"https:\/\/api.w.org\/{rel}","templated":true}]}}