{"id":8555,"date":"2020-02-08T12:00:43","date_gmt":"2020-02-08T18:00:43","guid":{"rendered":"http:\/\/www.zonaroja.com.mx\/?p=8555"},"modified":"2020-02-08T12:00:46","modified_gmt":"2020-02-08T18:00:46","slug":"rina-familiar-en-oaxaca-deja-un-calcinado-mujer-herida-de-bala-y-casa-incendiada","status":"publish","type":"post","link":"https:\/\/zonaroja.com.mx\/?p=8555","title":{"rendered":"Ri\u00f1a familiar en Oaxaca deja un calcinado, mujer herida de bala y casa incendiada"},"content":{"rendered":"\n<p>Yuridiana\nSosa\/Zona Roja.<\/p>\n\n\n\n<p>Oaxaca\nde Ju\u00e1rez, Oax.,8 de febrero de 2020.- Un presunto conflicto familiar tuvo un\ndesenlace tr\u00e1gico en el municipio de San Cruz Xoxocotl\u00e1n, conurbado a la\ncapital de Oaxaca, en las primarias horas de este s\u00e1bado.<\/p>\n\n\n\n<p>Un\nhombre falleci\u00f3 calcinado en el interior de su vivienda, mientras una joven\nmujer result\u00f3 gravemente lesionada, que hab\u00eda sido atacada a balazos por la\nv\u00edctima.<\/p>\n\n\n\n<p>El\nreporte policial dio a conocer que esta ma\u00f1ana un padre de familia sostuvo una\ndiscusi\u00f3n con su hija; el hombre perdi\u00f3 el control, tom\u00f3 un arma de fuego y\ndispar\u00f3 en dos ocasiones contra su propia hija, ocasion\u00e1ndole graves lesiones.<\/p>\n\n\n\n<p>Tras\nla agresi\u00f3n, el hombre prendi\u00f3 fuego a la vivienda ubicada en la calle de\nRedenci\u00f3n, en la colonia La Paz, en Xoxocotl\u00e1n.<\/p>\n\n\n\n<p>Por las llamas, el padre de familia de oficio obrero e identificado como Porfirio N. falleci\u00f3 al interior del domicilio.<\/p>\n\n\n\n<figure class=\"wp-block-embed-twitter wp-block-embed is-type-rich is-provider-twitter\"><div class=\"wp-block-embed__wrapper\">\n<div class=\"twitter-tweet\"><blockquote class=\"twitter-tweet\" data-lang=\"es\"><p lang=\"es\" dir=\"ltr\"><a href=\"https:\/\/twitter.com\/hashtag\/OaxacaRojo?src=hash&amp;ref_src=twsrc%5Etfw\">#OaxacaRojo<\/a><br>Una persona fallecida, probablemente calcinada, y una mujer lesionada de bala, as\u00ed como una casa incendiada, saldo preliminar de una ri\u00f1a familiar esta ma\u00f1ana en un domicilio de la colonia La Paz, Santa Cruz <a href=\"https:\/\/twitter.com\/hashtag\/Xoxocotl%C3%A1n?src=hash&amp;ref_src=twsrc%5Etfw\">#Xoxocotl\u00e1n<\/a>, <a href=\"https:\/\/twitter.com\/hashtag\/Oaxaca?src=hash&amp;ref_src=twsrc%5Etfw\">#Oaxaca<\/a>. <a href=\"https:\/\/t.co\/e6C9xpZhmi\">pic.twitter.com\/e6C9xpZhmi<\/a><\/p>&mdash; Zona Roja Oaxaca (@MexRoja) <a href=\"https:\/\/twitter.com\/MexRoja\/status\/1226170086953758720?ref_src=twsrc%5Etfw\">8 de febrero de 2020<\/a><\/blockquote><\/div>\n<\/div><\/figure>\n\n\n\n<p>La\nmujer, herida en el rostro y abdomen, fue traspalada al Hospital Civil \u201cDr.\nAurelio Valdivieso\u201d, en la capital del estado, para su inmediata atenci\u00f3n\nm\u00e9dica, donde la reportan grave de salud.<\/p>\n\n\n\n<p>Al\nlugar de los hechos acudieron distintos cuerpos de seguridad y de rescate. El\nHeroico Cuerpo de Bomberos arrib\u00f3 para sofocar las llamas y evitar la\npropagaci\u00f3n del fuego.<\/p>\n\n\n\n<p>Mientras\nque los elementos de seguridad p\u00fablica del orden municipal y estatal\nacordonaron el \u00e1rea, hasta donde tambi\u00e9n arrib\u00f3 personal de la Agencia Estatal\nde Investigaci\u00f3n.<\/p>\n","protected":false},"excerpt":{"rendered":"<p>Yuridiana Sosa\/Zona Roja. Oaxaca de Ju\u00e1rez, Oax.,8 de febrero de 2020.- Un presunto conflicto familiar&hellip;<\/p>\n","protected":false},"author":2,"featured_media":8556,"comment_status":"closed","ping_status":"open","sticky":false,"template":"","format":"standard","meta":{"_lmt_disableupdate":"","_lmt_disable":"","_jetpack_memberships_contains_paid_content":false,"footnotes":""},"categories":[109,51],"tags":[133],"class_list":["post-8555","post","type-post","status-publish","format-standard","has-post-thumbnail","hentry","category-minuto-a-minuto","category-zona-roja","tag-santa-cruz-xoxocotlan"],"jetpack_featured_media_url":"https:\/\/zonaroja.com.mx\/wp-content\/uploads\/2020\/02\/Baleada-Xoxo.jpg","jetpack_sharing_enabled":true,"_links":{"self":[{"href":"https:\/\/zonaroja.com.mx\/index.php?rest_route=\/wp\/v2\/posts\/8555","targetHints":{"allow":["GET"]}}],"collection":[{"href":"https:\/\/zonaroja.com.mx\/index.php?rest_route=\/wp\/v2\/posts"}],"about":[{"href":"https:\/\/zonaroja.com.mx\/index.php?rest_route=\/wp\/v2\/types\/post"}],"author":[{"embeddable":true,"href":"https:\/\/zonaroja.com.mx\/index.php?rest_route=\/wp\/v2\/users\/2"}],"replies":[{"embeddable":true,"href":"https:\/\/zonaroja.com.mx\/index.php?rest_route=%2Fwp%2Fv2%2Fcomments&post=8555"}],"version-history":[{"count":1,"href":"https:\/\/zonaroja.com.mx\/index.php?rest_route=\/wp\/v2\/posts\/8555\/revisions"}],"predecessor-version":[{"id":8557,"href":"https:\/\/zonaroja.com.mx\/index.php?rest_route=\/wp\/v2\/posts\/8555\/revisions\/8557"}],"wp:featuredmedia":[{"embeddable":true,"href":"https:\/\/zonaroja.com.mx\/index.php?rest_route=\/wp\/v2\/media\/8556"}],"wp:attachment":[{"href":"https:\/\/zonaroja.com.mx\/index.php?rest_route=%2Fwp%2Fv2%2Fmedia&parent=8555"}],"wp:term":[{"taxonomy":"category","embeddable":true,"href":"https:\/\/zonaroja.com.mx\/index.php?rest_route=%2Fwp%2Fv2%2Fcategories&post=8555"},{"taxonomy":"post_tag","embeddable":true,"href":"https:\/\/zonaroja.com.mx\/index.php?rest_route=%2Fwp%2Fv2%2Ftags&post=8555"}],"curies":[{"name":"wp","href":"https:\/\/api.w.org\/{rel}","templated":true}]}}