{"id":85551,"date":"2025-10-08T21:57:10","date_gmt":"2025-10-09T03:57:10","guid":{"rendered":"https:\/\/zonaroja.com.mx\/?p=85551"},"modified":"2025-10-08T21:57:12","modified_gmt":"2025-10-09T03:57:12","slug":"catean-domicilio-y-detienen-presunto-narcomenudista-el-chuy-de-juchitan","status":"publish","type":"post","link":"https:\/\/zonaroja.com.mx\/?p=85551","title":{"rendered":"Catean domicilio y detienen presunto narcomenudista \u201cEl Chuy de Juchit\u00e1n\u201d"},"content":{"rendered":"\n<p>Redacci\u00f3n\/Zona Roja.<\/p>\n\n\n\n<p>Oaxaca, Oax., a 8 de octubre de 2025.- La Fiscal\u00eda General del Estado de Oaxaca, obtuvo prisi\u00f3n preventiva y solicit\u00f3 el auto de vinculaci\u00f3n a proceso en contra de una persona del sexo masculino identificado como J.J.L.S., alias \u00abEl Chuy de Juchit\u00e1n\u201d.<\/p>\n\n\n\n<p>Est\u00e1 imputado por el delito contra la salud en su modalidad de narcomenudeo en su hip\u00f3tesis de metanfetamina, y operaba en la regi\u00f3n del Istmo; las acciones son derivadas de la Operaci\u00f3n \u201cSable\u201d, que forman parte de la estrategia de combate a la venta y distribuci\u00f3n de drogas en la entidad.<\/p>\n\n\n\n<p>El despliegue policial efectuado en un domicilio ubicado en calles de la colonia Lorenza Santiago de la Ciudad de Juchit\u00e1n de Zaragoza, fue resultado de operaciones estrat\u00e9gicas y de inteligencia de elementos de la Agencia Estatal de Investigaciones (AEI) de la Vicefiscal\u00eda Regional de Valles Centrales.<\/p>\n\n\n\n<p>Durante la ejecuci\u00f3n de la orden de cateo, adem\u00e1s de la detenci\u00f3n de \u00abEl Chuy de Juchit\u00e1n\u00bb los agentes ministeriales intervinieron en el interior del inmueble que era ocupado como centro de distribuci\u00f3n y venta de drogas, donde aseguraron metanfetamina, una b\u00e1scula, un arma de fuego tipo revolver y cartuchos \u00fatiles.<\/p>\n\n\n\n<p>Tanto el detenido como lo asegurado fueron puestos a disposici\u00f3n de la autoridad competente para su certificaci\u00f3n e investigaci\u00f3n y con ello su proceso legal correspondiente.<\/p>\n\n\n\n<p>Tras el desahogo de pruebas aportadas por la Vicefiscal\u00eda Regional de Valles Centrales, el Juez de la causa comunic\u00f3 imputaci\u00f3n por el delito contra la salud en su modalidad de narcomenudeo en su hip\u00f3tesis de metanfetamina por lo que la Fiscal\u00eda de Oaxaca hizo la solicitud de la vinculaci\u00f3n a proceso, logrando obtener la medida cautelar de prisi\u00f3n preventiva justificada provisional a espera de la siguiente audiencia.<\/p>\n\n\n\n<p>OTRO DETENIDO<\/p>\n\n\n\n<p>En otro caso, en 48 horas, la Fiscal\u00eda General de Justicia ejecut\u00f3 una orden de aprehensi\u00f3n en contra de una persona del sexo masculino identificado como T.J.A.&nbsp; por el delito de homicidio calificado con ventaja.&nbsp;<\/p>\n\n\n\n<p>De acuerdo con la carpeta de investigaci\u00f3n, los hechos ocurrieron el 3 de octubre del 2025, cuando la v\u00edctima se encontraba en su domicilio ubicado en La Pe, Ejutla de Crespo, lugar en el que fue agredido con disparos de arma de fuego, lo que le provoc\u00f3 lesiones que ocasionaron que perdiera la vida.<\/p>\n\n\n\n<p>Por estos hechos, la Fiscal\u00eda de Oaxaca -a trav\u00e9s de la Vicefiscal\u00eda Regional de Valles Centrales- emple\u00f3 a un equipo multidisciplinario de reacci\u00f3n inmediata que realiz\u00f3 las primeras indagatorias, lo que permiti\u00f3 la obtenci\u00f3n de pruebas gracias a las cuales se obtuvo la orden de aprehensi\u00f3n en contra de T.J.A. por el delito de homicidio calificado con ventaja.<\/p>\n\n\n\n<p>Para la detenci\u00f3n del imputado se realiz\u00f3 un operativo implementado por elementos de la Agencia Estatal de Investigaciones; tras la aprehensi\u00f3n, T.J.A. fue puesto a disposici\u00f3n de la autoridad ministerial correspondiente para que se determine su situaci\u00f3n jur\u00eddica.<\/p>\n","protected":false},"excerpt":{"rendered":"<p>Redacci\u00f3n\/Zona Roja. Oaxaca, Oax., a 8 de octubre de 2025.- La Fiscal\u00eda General del Estado&hellip;<\/p>\n","protected":false},"author":2,"featured_media":85552,"comment_status":"closed","ping_status":"open","sticky":false,"template":"","format":"standard","meta":{"_lmt_disableupdate":"","_lmt_disable":"","_jetpack_memberships_contains_paid_content":false,"footnotes":""},"categories":[109,46],"tags":[494],"class_list":["post-85551","post","type-post","status-publish","format-standard","has-post-thumbnail","hentry","category-minuto-a-minuto","category-zona-blanca","tag-fiscalia-general-del-estado-de-oaxaca"],"jetpack_featured_media_url":"https:\/\/zonaroja.com.mx\/wp-content\/uploads\/2025\/10\/Detenido-el-chuy-de-juchitan.jpg","jetpack_sharing_enabled":true,"_links":{"self":[{"href":"https:\/\/zonaroja.com.mx\/index.php?rest_route=\/wp\/v2\/posts\/85551","targetHints":{"allow":["GET"]}}],"collection":[{"href":"https:\/\/zonaroja.com.mx\/index.php?rest_route=\/wp\/v2\/posts"}],"about":[{"href":"https:\/\/zonaroja.com.mx\/index.php?rest_route=\/wp\/v2\/types\/post"}],"author":[{"embeddable":true,"href":"https:\/\/zonaroja.com.mx\/index.php?rest_route=\/wp\/v2\/users\/2"}],"replies":[{"embeddable":true,"href":"https:\/\/zonaroja.com.mx\/index.php?rest_route=%2Fwp%2Fv2%2Fcomments&post=85551"}],"version-history":[{"count":1,"href":"https:\/\/zonaroja.com.mx\/index.php?rest_route=\/wp\/v2\/posts\/85551\/revisions"}],"predecessor-version":[{"id":85553,"href":"https:\/\/zonaroja.com.mx\/index.php?rest_route=\/wp\/v2\/posts\/85551\/revisions\/85553"}],"wp:featuredmedia":[{"embeddable":true,"href":"https:\/\/zonaroja.com.mx\/index.php?rest_route=\/wp\/v2\/media\/85552"}],"wp:attachment":[{"href":"https:\/\/zonaroja.com.mx\/index.php?rest_route=%2Fwp%2Fv2%2Fmedia&parent=85551"}],"wp:term":[{"taxonomy":"category","embeddable":true,"href":"https:\/\/zonaroja.com.mx\/index.php?rest_route=%2Fwp%2Fv2%2Fcategories&post=85551"},{"taxonomy":"post_tag","embeddable":true,"href":"https:\/\/zonaroja.com.mx\/index.php?rest_route=%2Fwp%2Fv2%2Ftags&post=85551"}],"curies":[{"name":"wp","href":"https:\/\/api.w.org\/{rel}","templated":true}]}}