{"id":85554,"date":"2025-10-09T07:15:00","date_gmt":"2025-10-09T13:15:00","guid":{"rendered":"https:\/\/zonaroja.com.mx\/?p=85554"},"modified":"2025-10-09T06:52:39","modified_gmt":"2025-10-09T12:52:39","slug":"asegura-familia-de-sandra-dominguez-que-ha-sido-intimidada","status":"publish","type":"post","link":"https:\/\/zonaroja.com.mx\/?p=85554","title":{"rendered":"Asegura familia de Sandra Dom\u00ednguez que ha sido intimidada"},"content":{"rendered":"\n<p>Lisbeth Mej\u00eda Reyes\/Zona Roja.<\/p>\n\n\n\n<p>Oaxaca, Oax., a 9 de octubre de 2025.- La familia de Sandra Est\u00e9fana Dom\u00ednguez Mart\u00ednez, defensora ayuuk desaparecida y asesinada el 4 de octubre de 2024 junto con su esposo Alexander Hern\u00e1ndez, denunci\u00f3 haber sido v\u00edctima de robo e intimidaciones.&nbsp;<\/p>\n\n\n\n<p>\u00c9stas, explic\u00f3, se dieron en el aniversario de los hechos, \u00abjusto cuando intentamos movilizar acciones para recordarte y exigir justicia\u00bb.&nbsp;<\/p>\n\n\n\n<p>A trav\u00e9s de una carta publicada este 8 de octubre, la familia de la abogada que acompa\u00f1\u00f3 a mujeres v\u00edctimas de violencias, consider\u00f3 que las intimidaciones no son coincidencia sino \u00abun reflejo de que el miedo sigue siendo su herramienta preferida. Pero no podr\u00e1n callar lo que sembraste\u00bb.<\/p>\n\n\n\n<p>La desaparici\u00f3n y asesinato de Sandra tampoco son hechos aislados, explic\u00f3 la familia, sino el \u00abresultado de un sistema que permite, encubre y muchas veces perpet\u00faa la violencia. Un sistema que castiga la verdad y premia el silencio\u00bb, en un pa\u00eds y estado\u00bbdonde la desaparici\u00f3n de personas y los feminicidios siguen en aumento, donde se criminaliza la protesta y se persigue a quienes luchan\u00bb.<\/p>\n\n\n\n<p>A un a\u00f1o de la desaparici\u00f3n de Sandra, cuyo cuerpo fue localizado en abril pasado, su madre y hermanas tambi\u00e9n agradecieron a las organizaciones y personas las han acompa\u00f1ado en todo momento, \u00aba pesar de todo lo que implicaba estar cerca de nuestra exigencia\u00bb.<\/p>\n\n\n\n<p>Al recordar la lucha tan larga y dolorosa porque la localizaran, la familia tambi\u00e9n se\u00f1al\u00f3 que entonces vivi\u00f3 intimidaciones, persecuciones y amenazas. Pero a pesar de ello logr\u00f3 que Sandra volviera, aunque no como quer\u00edan.<\/p>\n\n\n\n<p>\u00abMuchas cosas se dijeron y muchas m\u00e1s (que no conven\u00eda que se supieran) se callaron.<\/p>\n\n\n\n<p>\u201cPero de algo estamos seguros: nadie pudo callar lo que t\u00fa gritaste a los cuatro vientos. Un Oaxaca lleno de impunidad, donde se protege a violentadores, donde protestar es la \u00fanica forma de acercarse a esa tan anhelada justicia, aunque eso te cueste la libertad\u2026 o la vida misma\u00bb.<\/p>\n\n\n\n<p>Sandra Est\u00e9fana Dom\u00ednguez Mart\u00ednez (1986-2024) fue una abogada y defensora ayuuk que denunci\u00f3 varios casos de violencia en contra de mujeres, especialmente de la zona mixe (regi\u00f3n Sierra de Ju\u00e1rez).&nbsp;<\/p>\n\n\n\n<p>En 2020 y 2023 tambi\u00e9n denunci\u00f3 dos grupos de WhatsApp (Sierra XXX y Megapeda), en los que se involucraba a funcionarios en la difusi\u00f3n de im\u00e1genes \u00edntimas de mujeres mixes, lo que constituye diversos delitos de violencia digital.&nbsp;<\/p>\n\n\n\n<p>Sandra hizo se\u00f1alamientos puntuales en contra del coordinador de delegados de paz del gobierno estatal, Donato Vargas Jim\u00e9nez, a quien la ahora diputada federal Martha Aracely Cruz tambi\u00e9n denunci\u00f3 por violencia familiar en 2022.<\/p>\n","protected":false},"excerpt":{"rendered":"<p>Lisbeth Mej\u00eda Reyes\/Zona Roja. Oaxaca, Oax., a 9 de octubre de 2025.- La familia de&hellip;<\/p>\n","protected":false},"author":2,"featured_media":85555,"comment_status":"closed","ping_status":"open","sticky":false,"template":"","format":"standard","meta":{"_lmt_disableupdate":"","_lmt_disable":"","_jetpack_memberships_contains_paid_content":false,"footnotes":""},"categories":[109,47],"tags":[4086],"class_list":["post-85554","post","type-post","status-publish","format-standard","has-post-thumbnail","hentry","category-minuto-a-minuto","category-zona-gris","tag-sandra-dominguez"],"jetpack_featured_media_url":"https:\/\/zonaroja.com.mx\/wp-content\/uploads\/2025\/10\/Denuncia-familia-de-Sandra-Dominguez.jpg","jetpack_sharing_enabled":true,"_links":{"self":[{"href":"https:\/\/zonaroja.com.mx\/index.php?rest_route=\/wp\/v2\/posts\/85554","targetHints":{"allow":["GET"]}}],"collection":[{"href":"https:\/\/zonaroja.com.mx\/index.php?rest_route=\/wp\/v2\/posts"}],"about":[{"href":"https:\/\/zonaroja.com.mx\/index.php?rest_route=\/wp\/v2\/types\/post"}],"author":[{"embeddable":true,"href":"https:\/\/zonaroja.com.mx\/index.php?rest_route=\/wp\/v2\/users\/2"}],"replies":[{"embeddable":true,"href":"https:\/\/zonaroja.com.mx\/index.php?rest_route=%2Fwp%2Fv2%2Fcomments&post=85554"}],"version-history":[{"count":1,"href":"https:\/\/zonaroja.com.mx\/index.php?rest_route=\/wp\/v2\/posts\/85554\/revisions"}],"predecessor-version":[{"id":85556,"href":"https:\/\/zonaroja.com.mx\/index.php?rest_route=\/wp\/v2\/posts\/85554\/revisions\/85556"}],"wp:featuredmedia":[{"embeddable":true,"href":"https:\/\/zonaroja.com.mx\/index.php?rest_route=\/wp\/v2\/media\/85555"}],"wp:attachment":[{"href":"https:\/\/zonaroja.com.mx\/index.php?rest_route=%2Fwp%2Fv2%2Fmedia&parent=85554"}],"wp:term":[{"taxonomy":"category","embeddable":true,"href":"https:\/\/zonaroja.com.mx\/index.php?rest_route=%2Fwp%2Fv2%2Fcategories&post=85554"},{"taxonomy":"post_tag","embeddable":true,"href":"https:\/\/zonaroja.com.mx\/index.php?rest_route=%2Fwp%2Fv2%2Ftags&post=85554"}],"curies":[{"name":"wp","href":"https:\/\/api.w.org\/{rel}","templated":true}]}}