{"id":85563,"date":"2025-10-09T10:00:00","date_gmt":"2025-10-09T16:00:00","guid":{"rendered":"https:\/\/zonaroja.com.mx\/?p=85563"},"modified":"2025-10-09T07:12:42","modified_gmt":"2025-10-09T13:12:42","slug":"anuncian-actividades-por-el-dia-de-muertos-en-oaxaca","status":"publish","type":"post","link":"https:\/\/zonaroja.com.mx\/?p=85563","title":{"rendered":"Anuncian actividades por el D\u00eda de Muertos en Oaxaca"},"content":{"rendered":"\n<p>Redacci\u00f3n\/Zona Roja.<\/p>\n\n\n\n<p>Oaxaca, Oax., a 9 de octubre de 2025.- El caracter\u00edstico olor del copal, el fresco viento que ondea el papel picado y la presencia de la flor de cempas\u00fachil, ser\u00e1n parte de las m\u00e1s de 140 actividades culturales y art\u00edsticas del programa D\u00eda de Muertos, la fiesta m\u00e1s viva de todas, que el gobierno de Oaxaca realizar\u00e1 del 25 de octubre al 4 de noviembre.&nbsp;<\/p>\n\n\n\n<p>Desde el Complejo Cultural Los Pinos, en la Ciudad de M\u00e9xico, el gobernador Salom\u00f3n Jara Cruz invit\u00f3 a las personas de M\u00e9xico y el mundo a visitar el coraz\u00f3n cultural, ling\u00fc\u00edstico y gastron\u00f3mico de M\u00e9xico, para que se impregnen de las tradiciones de los pueblos oaxaque\u00f1os, que honran la memoria de quienes ya no est\u00e1n, con una celebraci\u00f3n solemne, alegre y colorida.<\/p>\n\n\n\n<p>\u201cTendremos una gran cartelera que reivindica siempre nuestro origen, ra\u00edces, memoria e identidad; Oaxaca siente un gran orgullo por su herencia ancestral, es uno de los estados donde se vive con m\u00e1s fervor esta celebraci\u00f3n\u201d, afirm\u00f3.<\/p>\n\n\n\n<p>La titular de la Secretar\u00eda de Turismo federal, Josefina Rodr\u00edguez Zamora indic\u00f3 que, en este marco, se espera el arribo de m\u00e1s 89 mil personas y una derrama econ\u00f3mica superior a los 380 millones de pesos.<\/p>\n\n\n\n<p>M\u00daLTIPLES ACTIVIDADES<\/p>\n\n\n\n<p>Mientras que, su hom\u00f3loga en Oaxaca, Saymi Pineda Velasco dio a conocer que, del 26 de octubre al 3 de noviembre se realizar\u00e1 un tapete de arena en el atrio de la iglesia del Barrio de Jalatlaco, un concurso de fachadas en el Centro Hist\u00f3rico de Oaxaca de Ju\u00e1rez y el circuito floral \u201cFlores que gu\u00edan el alma\u201d.<\/p>\n\n\n\n<p>Adem\u00e1s, el 29 de octubre, en coordinaci\u00f3n con el Sistema Estatal DIF se llevar\u00e1 a cabo la Diverti Muertos y, el 30 de octubre, a las 18:00 horas, la Verbena Xand\u00fa, con la participaci\u00f3n de diversas dependencias.<\/p>\n\n\n\n<p>En ese mismo horario, el 31 de octubre tendr\u00e1 lugar la Gran Comparsa de D\u00eda de Muertos y el Concurso de Catrinas que premiar\u00e1 los tres primeros lugares. Tambi\u00e9n se efectuar\u00e1n conciertos importantes del 31 de octubre al 2 de noviembre en la Alameda de Le\u00f3n, Barrio de Xochimilco y San Pablo Villa de Mitla a las 20:00 horas.<\/p>\n\n\n\n<p>El director general del Instituto del Deporte, Arturo de Jes\u00fas Ch\u00e1vez explic\u00f3 que el Torneo de Taekwondo se desarrollar\u00e1 el 25 y 26 de octubre, en el Complejo Deportivo Hermanos Flores Mag\u00f3n; y el Festival de Deportes del Combate, del 26 al 29 de octubre, en la Alameda de Le\u00f3n.<\/p>\n\n\n\n<figure class=\"wp-block-embed is-type-rich is-provider-twitter wp-block-embed-twitter\"><div class=\"wp-block-embed__wrapper\">\n<div class=\"twitter-tweet\"><blockquote class=\"twitter-tweet\" data-lang=\"es\"><p lang=\"es\" dir=\"ltr\">3. Y en representaci\u00f3n del titular de la <a href=\"https:\/\/twitter.com\/SECULTA_GobOax?ref_src=twsrc%5Etfw\">@SECULTA_GobOax<\/a>, <a href=\"https:\/\/twitter.com\/flaviososavilla?ref_src=twsrc%5Etfw\">@flaviososavilla<\/a>,  particip\u00f3 en la conferencia de prensa el subsecretario Camilo Mart\u00ednez Ortiz, quien detall\u00f3 las actividades culturales por el D\u00eda de Muertos. <a href=\"https:\/\/t.co\/XFKWSofAV5\">pic.twitter.com\/XFKWSofAV5<\/a><\/p>&mdash; Zona Roja Oaxaca (@ZonaRoja_Oaxaca) <a href=\"https:\/\/twitter.com\/ZonaRoja_Oaxaca\/status\/1976148195693470124?ref_src=twsrc%5Etfw\">9 de octubre de 2025<\/a><\/blockquote><\/div>\n<\/div><\/figure>\n\n\n\n<p>El 25 y 26 de octubre tambi\u00e9n ser\u00e1 el Torneo Estatal de Surf en Puerto Escondido. Mientras que, del 1 al 2 de noviembre se realizar\u00e1n las actividades: Catrinas en el Mar, Carrera Atl\u00e9tica, Festival de Skateboarding y Torneo de F\u00fatbol Infantil, en diversas sedes del estado.<\/p>\n\n\n\n<p>El secretario de Desarrollo Econ\u00f3mico, Ra\u00fal Ruiz Robles inform\u00f3 que esta dependencia tendr\u00e1 a cargo la Casa Hecho en Oaxaca, edici\u00f3n Ofrenda y Herencia, que se abrir\u00e1 del 28 de octubre al 4 de noviembre en la Real Alh\u00f3ndiga de Antequera, en un horario de 10:00 a 21:00 horas.<\/p>\n\n\n\n<p>LOS PREMIOS<\/p>\n\n\n\n<p>Asimismo, el Concurso Estatal del D\u00eda de Muertos, el cual tendr\u00e1 cuatro categor\u00edas y 14 premios con una bolsa de 72 mil pesos, y el Mercado de las \u00c1nimas a realizarse del 30 de octubre al 2 de noviembre en el Centro Gastron\u00f3mico de Oaxaca.<\/p>\n\n\n\n<p>El director general del Instituto de Lenguas Originarias de Oaxaca (ILEO), V\u00edctor Cata agreg\u00f3 que, del 31 de octubre al 3 de noviembre, esta dependencia llevar\u00e1 a cabo conciertos, obras de teatro y presentaciones alusivas a esta celebraci\u00f3n. A partir del 30 de octubre se exhibir\u00e1n diversos paisajes ling\u00fc\u00edsticos en fachadas del Centro Hist\u00f3rico de la ciudad.&nbsp;<\/p>\n\n\n\n<p>La secretaria de Interculturalidad, Pueblos y Comunidades Ind\u00edgenas y Afromexicanas, Juana Hern\u00e1ndez L\u00f3pez explic\u00f3 que, del 28 al 30 de octubre, se realizar\u00e1n las Leyendas vivas, un recorrido teatral de seis funciones a efectuarse en el Barrio de Xochimilco.&nbsp;<\/p>\n\n\n\n<p>El subsecretario de Vinculaci\u00f3n, Difusi\u00f3n, Promoci\u00f3n Cultural y Art\u00edstica de la Secretar\u00eda de las Culturas y Artes de Oaxaca, Camilo Mart\u00ednez Ortiz a\u00f1adi\u00f3 que esta dependencia realizar\u00e1 m\u00e1s de 50 actividades, distribuidas en 11 sedes, algunas de ellas en colaboraci\u00f3n con diversos municipios.<\/p>\n\n\n\n<p>Aunado a la exposici\u00f3n de m\u00e1s de 35 altares representativos de las 16 culturas de los pueblos ind\u00edgenas y afromexicano, que se presentar\u00e1 en el z\u00f3calo capitalino.<\/p>\n\n\n\n<figure class=\"wp-block-embed is-type-rich is-provider-twitter wp-block-embed-twitter\"><div class=\"wp-block-embed__wrapper\">\n<div class=\"twitter-tweet\"><blockquote class=\"twitter-tweet\" data-lang=\"es\"><p lang=\"es\" dir=\"ltr\">1. En la Ciudad de M\u00e9xico y con la presencia de la secretaria de Turismo federal, <a href=\"https:\/\/twitter.com\/josefinarodzam?ref_src=twsrc%5Etfw\">@josefinarodzam<\/a>, el gobernador de Oaxaca, <a href=\"https:\/\/twitter.com\/salomonj?ref_src=twsrc%5Etfw\">@salomonj<\/a>, present\u00f3 en conferencia de prensa las actividades que se realizar\u00e1n con motivo del D\u00eda de Muertos, al tiempo de reiterar la invitaci\u00f3n a conocer\u2026 <a href=\"https:\/\/t.co\/XlaM2lBAlW\">pic.twitter.com\/XlaM2lBAlW<\/a><\/p>&mdash; Zona Roja Oaxaca (@ZonaRoja_Oaxaca) <a href=\"https:\/\/twitter.com\/ZonaRoja_Oaxaca\/status\/1976096575827943566?ref_src=twsrc%5Etfw\">9 de octubre de 2025<\/a><\/blockquote><\/div>\n<\/div><\/figure>\n","protected":false},"excerpt":{"rendered":"<p>Redacci\u00f3n\/Zona Roja. Oaxaca, Oax., a 9 de octubre de 2025.- El caracter\u00edstico olor del copal,&hellip;<\/p>\n","protected":false},"author":2,"featured_media":85564,"comment_status":"closed","ping_status":"open","sticky":false,"template":"","format":"standard","meta":{"_lmt_disableupdate":"","_lmt_disable":"","_jetpack_memberships_contains_paid_content":false,"footnotes":""},"categories":[109,46],"tags":[939],"class_list":["post-85563","post","type-post","status-publish","format-standard","has-post-thumbnail","hentry","category-minuto-a-minuto","category-zona-blanca","tag-salomon-jara-cruz"],"jetpack_featured_media_url":"https:\/\/zonaroja.com.mx\/wp-content\/uploads\/2025\/10\/Conferencia-Dia-de-Muertos-Salomon-Jara-Cdmx.jpeg","jetpack_sharing_enabled":true,"_links":{"self":[{"href":"https:\/\/zonaroja.com.mx\/index.php?rest_route=\/wp\/v2\/posts\/85563","targetHints":{"allow":["GET"]}}],"collection":[{"href":"https:\/\/zonaroja.com.mx\/index.php?rest_route=\/wp\/v2\/posts"}],"about":[{"href":"https:\/\/zonaroja.com.mx\/index.php?rest_route=\/wp\/v2\/types\/post"}],"author":[{"embeddable":true,"href":"https:\/\/zonaroja.com.mx\/index.php?rest_route=\/wp\/v2\/users\/2"}],"replies":[{"embeddable":true,"href":"https:\/\/zonaroja.com.mx\/index.php?rest_route=%2Fwp%2Fv2%2Fcomments&post=85563"}],"version-history":[{"count":1,"href":"https:\/\/zonaroja.com.mx\/index.php?rest_route=\/wp\/v2\/posts\/85563\/revisions"}],"predecessor-version":[{"id":85565,"href":"https:\/\/zonaroja.com.mx\/index.php?rest_route=\/wp\/v2\/posts\/85563\/revisions\/85565"}],"wp:featuredmedia":[{"embeddable":true,"href":"https:\/\/zonaroja.com.mx\/index.php?rest_route=\/wp\/v2\/media\/85564"}],"wp:attachment":[{"href":"https:\/\/zonaroja.com.mx\/index.php?rest_route=%2Fwp%2Fv2%2Fmedia&parent=85563"}],"wp:term":[{"taxonomy":"category","embeddable":true,"href":"https:\/\/zonaroja.com.mx\/index.php?rest_route=%2Fwp%2Fv2%2Fcategories&post=85563"},{"taxonomy":"post_tag","embeddable":true,"href":"https:\/\/zonaroja.com.mx\/index.php?rest_route=%2Fwp%2Fv2%2Ftags&post=85563"}],"curies":[{"name":"wp","href":"https:\/\/api.w.org\/{rel}","templated":true}]}}