{"id":85566,"date":"2025-10-09T11:13:00","date_gmt":"2025-10-09T17:13:00","guid":{"rendered":"https:\/\/zonaroja.com.mx\/?p=85566"},"modified":"2025-10-09T07:31:39","modified_gmt":"2025-10-09T13:31:39","slug":"que-tal-exhiben-viaje-de-norona-en-avion-privado-gasto-mas-de-250-mil","status":"publish","type":"post","link":"https:\/\/zonaroja.com.mx\/?p=85566","title":{"rendered":"\u00bfQu\u00e9 tal? Exhiben viaje de Noro\u00f1a en avi\u00f3n privado; gast\u00f3 m\u00e1s de $250 mil"},"content":{"rendered":"\n<p>Redacci\u00f3n\/Zona Roja.<\/p>\n\n\n\n<p>(Informaci\u00f3n de \u201cPol\u00edtico.Mx\u201d)<\/p>\n\n\n\n<p>Ciudad de M\u00e9xico, a 9 de octubre de 2025.- El senador de Morena, Gerardo Fern\u00e1ndez Noro\u00f1a, vuelve a acaparar los reflectores por otro comportamiento que contradice los principios de austeridad de la Cuarta Transformaci\u00f3n.<\/p>\n\n\n\n<p>De acuerdo con \u201cReforma\u201d, Noro\u00f1a us\u00f3 un avi\u00f3n privado el pasado fin de semana para dirigirse a Ciudad Acu\u00f1a, Piedras Negras y Torre\u00f3n, en Coahuila, para realizar asambleas informativas en el estado en donde apareci\u00f3 junto a figuras como Shamir Fern\u00e1ndez, exdiputado morenista, y Pily de Aguinaga, suplente de la senadora Cecilia Guadiana.<\/p>\n\n\n\n<p>Seg\u00fan el diario, el morenista habr\u00eda gastado alrededor de 14 mil d\u00f3lares por seis horas de vuelo m\u00e1s una pernocta en el avi\u00f3n privado. Es decir, egres\u00f3 cerca de 257 mil pesos, siguiendo el tipo de cambio que se reporta en Google Finance.<\/p>\n\n\n\n<p>El lujoso avi\u00f3n privado que utiliz\u00f3 el legislador tiene un costo de 2 mil d\u00f3lares por hora.<\/p>\n\n\n\n<p>Lo anterior pese a que el senador recibe un ingreso mensual de 131 mil 700 pesos, seg\u00fan el Manual de Remuneraciones de Senadoras y Senadores publicado el pasado mes de febrero en el Diario Oficial de la Federaci\u00f3n (DOF).<\/p>\n\n\n\n<p>SE BURLA<\/p>\n\n\n\n<p>En conferencia con medios, Noro\u00f1a no solo se molest\u00f3 por las preguntas, sino que termin\u00f3 recurriendo a respuestas burlonas y contradictorias.<\/p>\n\n\n\n<p>Al ser cuestionado sobre qui\u00e9n financi\u00f3 el vuelo, primero respondi\u00f3 con evasivas, luego neg\u00f3 que fuera dinero p\u00fablico, y finalmente ironiz\u00f3:<\/p>\n\n\n\n<p>\u201cMe lo pag\u00f3 Salinas Pliego. Me apoya. En este recorrido por el pa\u00eds, Salinas Pliego est\u00e1 de mi parte\u201d, dijo el senador, generando confusi\u00f3n entre los reporteros.<\/p>\n\n\n\n<p>M\u00e1s adelante, insisti\u00f3 en que no ten\u00eda nada que transparentar:<\/p>\n\n\n\n<p>\u201cNo tengo que transparentar nada, ya dije: nada que comentar. Yo voy a seguir recorriendo el pa\u00eds\u201d.<\/p>\n\n\n\n<p>OTRAS POL\u00c9MICAS<\/p>\n\n\n\n<p>Esta no ser\u00eda la primera pol\u00e9mica que rodea a Noro\u00f1a por no acatar el fundamento de la justa median\u00eda, pues el pasado mes de marzo, viaj\u00f3 en clase business para asistir y participar en la Conferencia Europea de Presidentes de Parlamentos en Estrasburgo, Francia.<\/p>\n\n\n\n<p>La periodista Leticia Robles de la Rosa encontr\u00f3 que su vuelo en Air France tuvo un costo de 102 mil 686 pesos. Ello deriv\u00f3 en cuestionamientos sobre el expresidente del Senado, quien se defendi\u00f3 mencionando que \u00e9l hab\u00eda pagado el viaje y que el Senado no hab\u00eda aportado recursos econ\u00f3micos para vi\u00e1ticos.<\/p>\n\n\n\n<p>\u201cLo que dices en esencia es mentira. El Senado no le pag\u00f3 a Air France un solo centavo por mi boleto de avi\u00f3n a Par\u00eds. Yo lo pagu\u00e9 \u00edntegro, el Senado me entreg\u00f3 posteriormente un cheque por el valor del viaje en turista\u201d, manifest\u00f3.<\/p>\n\n\n\n<p>A esto se suma su propiedad en Tepoztl\u00e1n, que caus\u00f3 revuelo por sus irregularidades y opacidades.<\/p>\n\n\n\n<p>En este contexto, cabe recordar que el pasado 4 de mayo, cuando sesion\u00f3 el Consejo Nacional de Morena, la presidenta Claudia Sheinbaum envi\u00f3 una carta a la militancia y a la dirigencia del partido con un dec\u00e1logo de planteamientos \u00e9tico-pol\u00edticos, dentro de ellos, el de la austeridad y sencillez.<\/p>\n\n\n\n<p>En el segundo punto, la mandataria pidi\u00f3: \u201cLa parafernalia del poder es del pasado de corrupci\u00f3n y privilegios, no de Morena. No caigamos nunca en la frivolidad, en el consumismo y la ambici\u00f3n por el poder y el dinero. No es de nuestro movimiento viajar en aviones o helic\u00f3pteros privados\u2026\u201d.<\/p>\n","protected":false},"excerpt":{"rendered":"<p>Redacci\u00f3n\/Zona Roja. (Informaci\u00f3n de \u201cPol\u00edtico.Mx\u201d) Ciudad de M\u00e9xico, a 9 de octubre de 2025.- El&hellip;<\/p>\n","protected":false},"author":2,"featured_media":85567,"comment_status":"closed","ping_status":"open","sticky":false,"template":"","format":"standard","meta":{"_lmt_disableupdate":"","_lmt_disable":"","_jetpack_memberships_contains_paid_content":false,"footnotes":""},"categories":[109,47],"tags":[4256],"class_list":["post-85566","post","type-post","status-publish","format-standard","has-post-thumbnail","hentry","category-minuto-a-minuto","category-zona-gris","tag-gerardo-fernandez-norona"],"jetpack_featured_media_url":"https:\/\/zonaroja.com.mx\/wp-content\/uploads\/2025\/10\/Vuelo-privado-Norona.jpg","jetpack_sharing_enabled":true,"_links":{"self":[{"href":"https:\/\/zonaroja.com.mx\/index.php?rest_route=\/wp\/v2\/posts\/85566","targetHints":{"allow":["GET"]}}],"collection":[{"href":"https:\/\/zonaroja.com.mx\/index.php?rest_route=\/wp\/v2\/posts"}],"about":[{"href":"https:\/\/zonaroja.com.mx\/index.php?rest_route=\/wp\/v2\/types\/post"}],"author":[{"embeddable":true,"href":"https:\/\/zonaroja.com.mx\/index.php?rest_route=\/wp\/v2\/users\/2"}],"replies":[{"embeddable":true,"href":"https:\/\/zonaroja.com.mx\/index.php?rest_route=%2Fwp%2Fv2%2Fcomments&post=85566"}],"version-history":[{"count":1,"href":"https:\/\/zonaroja.com.mx\/index.php?rest_route=\/wp\/v2\/posts\/85566\/revisions"}],"predecessor-version":[{"id":85568,"href":"https:\/\/zonaroja.com.mx\/index.php?rest_route=\/wp\/v2\/posts\/85566\/revisions\/85568"}],"wp:featuredmedia":[{"embeddable":true,"href":"https:\/\/zonaroja.com.mx\/index.php?rest_route=\/wp\/v2\/media\/85567"}],"wp:attachment":[{"href":"https:\/\/zonaroja.com.mx\/index.php?rest_route=%2Fwp%2Fv2%2Fmedia&parent=85566"}],"wp:term":[{"taxonomy":"category","embeddable":true,"href":"https:\/\/zonaroja.com.mx\/index.php?rest_route=%2Fwp%2Fv2%2Fcategories&post=85566"},{"taxonomy":"post_tag","embeddable":true,"href":"https:\/\/zonaroja.com.mx\/index.php?rest_route=%2Fwp%2Fv2%2Ftags&post=85566"}],"curies":[{"name":"wp","href":"https:\/\/api.w.org\/{rel}","templated":true}]}}