{"id":85572,"date":"2025-10-09T10:30:00","date_gmt":"2025-10-09T16:30:00","guid":{"rendered":"https:\/\/zonaroja.com.mx\/?p=85572"},"modified":"2025-10-09T08:09:26","modified_gmt":"2025-10-09T14:09:26","slug":"se-deslinda-gobierno-resurgimiento-del-conflicto-entre-yolotepec-y-yosondua","status":"publish","type":"post","link":"https:\/\/zonaroja.com.mx\/?p=85572","title":{"rendered":"Se deslinda gobierno resurgimiento del conflicto entre Yolotepec y Yosond\u00faa"},"content":{"rendered":"\n<p>Raymundo Morales\/Zona Roja.<\/p>\n\n\n\n<p>Oaxaca, Oax., a 9 de octubre de 2025.\u2013 El gobierno de Oaxaca se\u00f1al\u00f3 la falta de compromiso y respeto a los acuerdos de paz por parte de las comunidades de Santa Mar\u00eda Yolotepec y Santiago Yosond\u00faa.<\/p>\n\n\n\n<p>Lo anterior debido a que ayer las partes incurrieron en actos de violencia y provocaci\u00f3n, \u201cpese a los acuerdos asumidos en la mesa de di\u00e1logo del pasado 6 de octubre en Palacio de Gobierno\u201d.<\/p>\n\n\n\n<p>Indic\u00f3 que en dicho encuentro, las autoridades municipales y agrarias de ambas comunidades expresaron su disposici\u00f3n para alcanzar un acuerdo definitivo de paz y se comprometieron a evitar confrontaciones, abstenerse de ingresar a la zona en disputa, avanzar en el retorno de las familias desplazadas, establecer en una pr\u00f3xima reuni\u00f3n el recorrido del pol\u00edgono en disputa.&nbsp;<\/p>\n\n\n\n<p>\u201cLos acuerdos fueron firmados ante representantes de la Secretar\u00eda de Gobierno, la Junta de Conciliaci\u00f3n Agraria y la Secretar\u00eda de Gobernaci\u00f3n, quienes han dado puntual seguimiento\u201d, expuso en un comunicado.<\/p>\n\n\n\n<p>Por ello, el Gobierno del Estado reprob\u00f3 el incumplimiento de estos compromisos, \u201cque afecta los esfuerzos para restablecer la tranquilidad en la regi\u00f3n.&nbsp;<\/p>\n\n\n\n<p>\u201cY ha solicitado, en un marco de respeto y colaboraci\u00f3n, a la Fiscal\u00eda General del Estado agilizar las carpetas de investigaci\u00f3n y proceder conforme a derecho contra aquellos actores que resulten responsables de incentivar la violencia.<\/p>\n\n\n\n<p>\u201cLa administraci\u00f3n estatal reitera su llamado a las autoridades y habitantes de ambas comunidades el cese inmediato de las agresiones,&nbsp; y reafirma la necesidad de llevar a cabo la mesa de di\u00e1logo programada para el pr\u00f3ximo lunes 13 de octubre\u201d, indic\u00f3 en su comunicado emitido ayer.<\/p>\n","protected":false},"excerpt":{"rendered":"<p>Raymundo Morales\/Zona Roja. Oaxaca, Oax., a 9 de octubre de 2025.\u2013 El gobierno de Oaxaca&hellip;<\/p>\n","protected":false},"author":2,"featured_media":85574,"comment_status":"closed","ping_status":"open","sticky":false,"template":"","format":"standard","meta":{"_lmt_disableupdate":"","_lmt_disable":"","_jetpack_memberships_contains_paid_content":false,"footnotes":""},"categories":[109,47],"tags":[4412,3925],"class_list":["post-85572","post","type-post","status-publish","format-standard","has-post-thumbnail","hentry","category-minuto-a-minuto","category-zona-gris","tag-santa-maria-yolotepec","tag-santiago-yosondua"],"jetpack_featured_media_url":"https:\/\/zonaroja.com.mx\/wp-content\/uploads\/2025\/10\/Acuerdo-Yolotepec-Yosondua.jpg","jetpack_sharing_enabled":true,"_links":{"self":[{"href":"https:\/\/zonaroja.com.mx\/index.php?rest_route=\/wp\/v2\/posts\/85572","targetHints":{"allow":["GET"]}}],"collection":[{"href":"https:\/\/zonaroja.com.mx\/index.php?rest_route=\/wp\/v2\/posts"}],"about":[{"href":"https:\/\/zonaroja.com.mx\/index.php?rest_route=\/wp\/v2\/types\/post"}],"author":[{"embeddable":true,"href":"https:\/\/zonaroja.com.mx\/index.php?rest_route=\/wp\/v2\/users\/2"}],"replies":[{"embeddable":true,"href":"https:\/\/zonaroja.com.mx\/index.php?rest_route=%2Fwp%2Fv2%2Fcomments&post=85572"}],"version-history":[{"count":1,"href":"https:\/\/zonaroja.com.mx\/index.php?rest_route=\/wp\/v2\/posts\/85572\/revisions"}],"predecessor-version":[{"id":85575,"href":"https:\/\/zonaroja.com.mx\/index.php?rest_route=\/wp\/v2\/posts\/85572\/revisions\/85575"}],"wp:featuredmedia":[{"embeddable":true,"href":"https:\/\/zonaroja.com.mx\/index.php?rest_route=\/wp\/v2\/media\/85574"}],"wp:attachment":[{"href":"https:\/\/zonaroja.com.mx\/index.php?rest_route=%2Fwp%2Fv2%2Fmedia&parent=85572"}],"wp:term":[{"taxonomy":"category","embeddable":true,"href":"https:\/\/zonaroja.com.mx\/index.php?rest_route=%2Fwp%2Fv2%2Fcategories&post=85572"},{"taxonomy":"post_tag","embeddable":true,"href":"https:\/\/zonaroja.com.mx\/index.php?rest_route=%2Fwp%2Fv2%2Ftags&post=85572"}],"curies":[{"name":"wp","href":"https:\/\/api.w.org\/{rel}","templated":true}]}}