{"id":85581,"date":"2025-10-09T18:26:48","date_gmt":"2025-10-10T00:26:48","guid":{"rendered":"https:\/\/zonaroja.com.mx\/?p=85581"},"modified":"2025-10-09T18:26:51","modified_gmt":"2025-10-10T00:26:51","slug":"resurgen-denuncias-de-violencia-y-acoso-en-el-cobao","status":"publish","type":"post","link":"https:\/\/zonaroja.com.mx\/?p=85581","title":{"rendered":"Resurgen denuncias de violencia y acoso en el Cobao"},"content":{"rendered":"\n<p>Lisbeth Mej\u00eda Reyes\/Zona Roja.<\/p>\n\n\n\n<p>Oaxaca, Oax., a 9 de octubre de 2025.- Yesenia Espinoza Toledo, subdirectora del plantel 15 del Colegio de Bachilleres del Estado de Oaxaca (Cobao) en Uni\u00f3n Hidalgo, denunci\u00f3 al director de la instituci\u00f3n y a 28 de sus compa\u00f1eros (adheridos al Sindicato \u00danico de Trabajadores del Cobao, Sutcobao) por violencia laboral.&nbsp;<\/p>\n\n\n\n<p>Adem\u00e1s, los acus\u00f3 de negligencia porque no han cumplido con sus funciones docentes y administrativas afectando el derecho a la educaci\u00f3n de las y los estudiantes.<\/p>\n\n\n\n<p>En una carta p\u00fablica, Espinoza Toledo solicit\u00f3 la intervenci\u00f3n del gobernador, Salom\u00f3n Jara Cruz, y de la directora general del Cobao, Ang\u00e9lica Garc\u00eda P\u00e9rez, entre otros funcionarios, para que destituyan al director, Roqfel Mart\u00ednez Martin, y a la plantilla docente y administrativa del Sutcobao que ha incurrido en estas conductas.<\/p>\n\n\n\n<p>Sobre la violencia en su contra, detall\u00f3 que incluso el pasado 26 de septiembre fue perseguida por los docentes cuando se dirig\u00eda a su casa, en el trayecto de Uni\u00f3n Hidalgo a Juchit\u00e1n de Zaragoza, por lo que teme por su seguridad.&nbsp;<\/p>\n\n\n\n<p>Por estos hechos, interpuso una demanda ante la Vicefiscalia General del estado de Oaxaca con el n\u00famero de Acta circunstanciada 4580\/CHPD\/CODDI-JUCHITAN\/2025.<\/p>\n\n\n\n<p>Yesenia explic\u00f3 que las violencias en su contra comenzaron a ra\u00edz de dos informes de incidencias laborales en los que report\u00f3 que el pasado 5 de septiembre los docentes Zilka L\u00f3pez Calder\u00f3n y Juan Carlos G\u00f3mez Rementeria no impartieron las clases de ingl\u00e9s y Conciencia Hist\u00f3rica II M\u00e9xico, respectivamente, a los grupos 302 y 505.&nbsp;<\/p>\n\n\n\n<p>Esto fue conocido por la secretaria de la subdirecci\u00f3n, Roselia L\u00f3pez L\u00f3pez, y la secretaria de direcci\u00f3n, Juanita L\u00f3pez Matus, quienes alertaron al personal docente y administrativo de los informes.&nbsp;<\/p>\n\n\n\n<p>Tras esto, todos los docentes y parte de administrativos del Sutcobao acudieron a la direcci\u00f3n para denunciar a la subdirectora por presunto maltrato. Adem\u00e1s de desconocerla y exigir su destituci\u00f3n.&nbsp;<\/p>\n\n\n\n<p>Desde entonces, las violencias en su contra han sido constantes y bajo la comodidad del director, a quien tambi\u00e9n acus\u00f3 de emplear a j\u00f3venes del programa Mi primera chamba en asuntos personales.<\/p>\n\n\n\n<p>De acuerdo con Espinoza Toledo, desde el 5 de septiembre las y los docentes y gran parte del personal administrativo \u00abse re\u00fanen dos horas diarias dejando sin clases a la comunidad estudiantil con la complicidad del director Roqfel Mart\u00ednez Martin\u00bb.&nbsp;<\/p>\n\n\n\n<p>Esto propici\u00f3 que el 12 de septiembre, 15 &nbsp;de los 18 grupos estuvieran fuera de su sal\u00f3n de clases y se generaran riesgos a la comunidad estudiantil.<\/p>\n\n\n\n<p>Asimismo, expuso que el director se reuni\u00f3 con el personal el d\u00eda 2 de octubre \u00aby \u00fanicamente coment\u00f3 que los directivos de direcci\u00f3n general (del Cobao) llegar\u00edan el 14 de octubre\u00bb.&nbsp;<\/p>\n\n\n\n<p>Sin embargo, \u00abnunca mencion\u00f3 que respetaran las \u00e1reas y el trabajo de una servidora C.P. Yesenia Espinoza Toledo\u00bb.<\/p>\n\n\n\n<p>Ante esto, reiter\u00f3 su llamado a la direcci\u00f3n del Cobao para que revise el plantel y se garantice el derecho a la educaci\u00f3n del alumnado y un entorno libre de violencias.<\/p>\n","protected":false},"excerpt":{"rendered":"<p>Lisbeth Mej\u00eda Reyes\/Zona Roja. Oaxaca, Oax., a 9 de octubre de 2025.- Yesenia Espinoza Toledo,&hellip;<\/p>\n","protected":false},"author":2,"featured_media":85582,"comment_status":"closed","ping_status":"open","sticky":false,"template":"","format":"standard","meta":{"_lmt_disableupdate":"","_lmt_disable":"","_jetpack_memberships_contains_paid_content":false,"footnotes":""},"categories":[109,47],"tags":[2883],"class_list":["post-85581","post","type-post","status-publish","format-standard","has-post-thumbnail","hentry","category-minuto-a-minuto","category-zona-gris","tag-colegio-de-bachilleres-de-oaxaca-cobao"],"jetpack_featured_media_url":"https:\/\/zonaroja.com.mx\/wp-content\/uploads\/2025\/10\/Cobao-Colegio-de-Bachilleres.webp","jetpack_sharing_enabled":true,"_links":{"self":[{"href":"https:\/\/zonaroja.com.mx\/index.php?rest_route=\/wp\/v2\/posts\/85581","targetHints":{"allow":["GET"]}}],"collection":[{"href":"https:\/\/zonaroja.com.mx\/index.php?rest_route=\/wp\/v2\/posts"}],"about":[{"href":"https:\/\/zonaroja.com.mx\/index.php?rest_route=\/wp\/v2\/types\/post"}],"author":[{"embeddable":true,"href":"https:\/\/zonaroja.com.mx\/index.php?rest_route=\/wp\/v2\/users\/2"}],"replies":[{"embeddable":true,"href":"https:\/\/zonaroja.com.mx\/index.php?rest_route=%2Fwp%2Fv2%2Fcomments&post=85581"}],"version-history":[{"count":1,"href":"https:\/\/zonaroja.com.mx\/index.php?rest_route=\/wp\/v2\/posts\/85581\/revisions"}],"predecessor-version":[{"id":85583,"href":"https:\/\/zonaroja.com.mx\/index.php?rest_route=\/wp\/v2\/posts\/85581\/revisions\/85583"}],"wp:featuredmedia":[{"embeddable":true,"href":"https:\/\/zonaroja.com.mx\/index.php?rest_route=\/wp\/v2\/media\/85582"}],"wp:attachment":[{"href":"https:\/\/zonaroja.com.mx\/index.php?rest_route=%2Fwp%2Fv2%2Fmedia&parent=85581"}],"wp:term":[{"taxonomy":"category","embeddable":true,"href":"https:\/\/zonaroja.com.mx\/index.php?rest_route=%2Fwp%2Fv2%2Fcategories&post=85581"},{"taxonomy":"post_tag","embeddable":true,"href":"https:\/\/zonaroja.com.mx\/index.php?rest_route=%2Fwp%2Fv2%2Ftags&post=85581"}],"curies":[{"name":"wp","href":"https:\/\/api.w.org\/{rel}","templated":true}]}}