{"id":85584,"date":"2025-10-09T19:37:12","date_gmt":"2025-10-10T01:37:12","guid":{"rendered":"https:\/\/zonaroja.com.mx\/?p=85584"},"modified":"2025-10-09T19:37:14","modified_gmt":"2025-10-10T01:37:14","slug":"otro-de-morena-sin-austeridad-captan-a-gobernador-de-puebla-en-jet-privado","status":"publish","type":"post","link":"https:\/\/zonaroja.com.mx\/?p=85584","title":{"rendered":"Otro de Morena sin austeridad: captan a gobernador de Puebla en jet privado"},"content":{"rendered":"\n<p>Redacci\u00f3n\/Zona Roja Cdmx.<\/p>\n\n\n\n<p>(Informaci\u00f3n de \u201cPol\u00edtico.Mx\u201d)<\/p>\n\n\n\n<p>Ciudad de M\u00e9xico, a 9 de octubre de 2025.- La controversia que gira alrededor de los militantes de Morena no llega a su fin, pues adem\u00e1s de Gerardo Fern\u00e1ndez Noro\u00f1a, otro morenista pag\u00f3 un lujoso jet privado para realizar sus actividades.<\/p>\n\n\n\n<p>Desde este mi\u00e9rcoles, el gobernador de Puebla, Alejandro Armenta, fue visto en el aeropuerto de Teterboro, Nueva Jersey, EUA, tomando junto a su familia un vuelo en un jet privado.<\/p>\n\n\n\n<p>El morenista tom\u00f3 el jet Learjet 60 con matr\u00edcula XA-IBC de la empresa Aero JL, quien de acuerdo a su p\u00e1gina, la aeronave se renta en tres mil 700 d\u00f3lares por hora.<\/p>\n\n\n\n<p>El vuelo del gobernador de Nueva Jersey a Puebla tom\u00f3 casi 5 horas de recorrido, seg\u00fan lo indic\u00f3 la p\u00e1gina de monitoreo de vuelos en tiempo real, Flight Aware, por lo que seg\u00fan el costo de cada hora, el morenista desembols\u00f3 18 mil 500 d\u00f3lares.<\/p>\n\n\n\n<p>De acuerdo a la moneda de cambio de este 9 de octubre, el gobernador gast\u00f3 alrededor de 340 mil pesos mexicanos por un vuelo que sali\u00f3 a las 19:29 pm tiempo del este (17:29 pm hora de la CDMX) y que lleg\u00f3 a las 10:25 pm, hora del centro de M\u00e9xico.<\/p>\n\n\n\n<p>De momento, Alejandro Armenta no ha comentado nada respecto al tema; sin embargo, a trav\u00e9s de redes sociales, el Gobierno de Puebla lanz\u00f3 un posicionamiento se\u00f1alando que el mandatario sali\u00f3 a Nueva Jersey para \u201cacompa\u00f1ar a una persona integrante de su familia, quien fue hospitalizada\u201d.<\/p>\n\n\n\n<p>\u201cEl gobernador de Puebla, Alejandro Armenta, se traslad\u00f3 a Nueva Jersey en Estados Unidos, para acompa\u00f1ar a una persona integrante de su familia, quien fue hospitalizada\u201d, se lee en el tuit.<\/p>\n\n\n\n<p>De igual forma, el gobierno poblano destac\u00f3 que en el traslado no se utilizaron recursos p\u00fablicos.<\/p>\n\n\n\n<p>Se\u00f1alaron que a la conferencia de semiconductores en Phoenix, Arizona, acudi\u00f3 parte del equipo de la Secretar\u00eda de Ciencia, Humanidades, Tecnolog\u00eda e Innovaci\u00f3n, en representaci\u00f3n de Armenta Mier.<\/p>\n\n\n\n<p>\u201cPara este traslado no se utilizaron recursos p\u00fablicos. A la conferencia de semiconductores de Phoenix, Arizona, acudi\u00f3 un equipo de trabajo de la Secretar\u00eda de Ciencia, Humanidades, Tecnolog\u00eda e Innovaci\u00f3n de Puebla\u201d, se lee.<\/p>\n\n\n\n<p>Apenas este mi\u00e9rcoles el diario Reforma evidenci\u00f3 que otro morenista, el senador Gerardo Fern\u00e1ndez Noro\u00f1a, desembols\u00f3 m\u00e1s de 250 mil pesos por viajar en un avi\u00f3n privado el pasado fin de semana para trasladarse a distintas asambleas informativas en el estado de Coahuila.<\/p>\n\n\n\n<p>Estos \u2018lujos\u2019 por parte de los militantes de Morena ponen entre dicho el discurso de austeridad que pregona su partido.<\/p>\n","protected":false},"excerpt":{"rendered":"<p>Redacci\u00f3n\/Zona Roja Cdmx. (Informaci\u00f3n de \u201cPol\u00edtico.Mx\u201d) Ciudad de M\u00e9xico, a 9 de octubre de 2025.-&hellip;<\/p>\n","protected":false},"author":2,"featured_media":85586,"comment_status":"closed","ping_status":"open","sticky":false,"template":"","format":"standard","meta":{"_lmt_disableupdate":"","_lmt_disable":"","_jetpack_memberships_contains_paid_content":false,"footnotes":""},"categories":[109,47],"tags":[4273],"class_list":["post-85584","post","type-post","status-publish","format-standard","has-post-thumbnail","hentry","category-minuto-a-minuto","category-zona-gris","tag-alejandro-armenta-mier"],"jetpack_featured_media_url":"https:\/\/zonaroja.com.mx\/wp-content\/uploads\/2025\/10\/Puebla-gobernador-vuelo-privado.webp","jetpack_sharing_enabled":true,"_links":{"self":[{"href":"https:\/\/zonaroja.com.mx\/index.php?rest_route=\/wp\/v2\/posts\/85584","targetHints":{"allow":["GET"]}}],"collection":[{"href":"https:\/\/zonaroja.com.mx\/index.php?rest_route=\/wp\/v2\/posts"}],"about":[{"href":"https:\/\/zonaroja.com.mx\/index.php?rest_route=\/wp\/v2\/types\/post"}],"author":[{"embeddable":true,"href":"https:\/\/zonaroja.com.mx\/index.php?rest_route=\/wp\/v2\/users\/2"}],"replies":[{"embeddable":true,"href":"https:\/\/zonaroja.com.mx\/index.php?rest_route=%2Fwp%2Fv2%2Fcomments&post=85584"}],"version-history":[{"count":1,"href":"https:\/\/zonaroja.com.mx\/index.php?rest_route=\/wp\/v2\/posts\/85584\/revisions"}],"predecessor-version":[{"id":85587,"href":"https:\/\/zonaroja.com.mx\/index.php?rest_route=\/wp\/v2\/posts\/85584\/revisions\/85587"}],"wp:featuredmedia":[{"embeddable":true,"href":"https:\/\/zonaroja.com.mx\/index.php?rest_route=\/wp\/v2\/media\/85586"}],"wp:attachment":[{"href":"https:\/\/zonaroja.com.mx\/index.php?rest_route=%2Fwp%2Fv2%2Fmedia&parent=85584"}],"wp:term":[{"taxonomy":"category","embeddable":true,"href":"https:\/\/zonaroja.com.mx\/index.php?rest_route=%2Fwp%2Fv2%2Fcategories&post=85584"},{"taxonomy":"post_tag","embeddable":true,"href":"https:\/\/zonaroja.com.mx\/index.php?rest_route=%2Fwp%2Fv2%2Ftags&post=85584"}],"curies":[{"name":"wp","href":"https:\/\/api.w.org\/{rel}","templated":true}]}}