{"id":85588,"date":"2025-10-09T20:24:07","date_gmt":"2025-10-10T02:24:07","guid":{"rendered":"https:\/\/zonaroja.com.mx\/?p=85588"},"modified":"2025-10-09T20:24:09","modified_gmt":"2025-10-10T02:24:09","slug":"acusa-el-mult-acusa-al-estado-mexicano-de-dividir-a-la-nacion-triqui-y-alimentar-conflicto","status":"publish","type":"post","link":"https:\/\/zonaroja.com.mx\/?p=85588","title":{"rendered":"Acusa el MULT acusa al Estado mexicano de dividir a la naci\u00f3n Triqui y alimentar conflicto\u00a0"},"content":{"rendered":"\n<p>Lisbeth Mej\u00eda Reyes\/Zona Roja.<\/p>\n\n\n\n<p>Oaxaca, Oax., a 9 de octubre de 2025.- El Movimiento de Unificaci\u00f3n y Lucha Triqui (MULT) conmemor\u00f3 este jueves los 44 a\u00f1os de su fundaci\u00f3n, aniversario en el que acus\u00f3 al gobierno de Oaxaca y al gobierno federal dividir a la naci\u00f3n Triqui, de administrar la justicia cuando esta deber\u00eda de ser efectiva, de alimentar el conflicto en la llamada \u00abmonta\u00f1a roja\u00bb y de ser indiferente a las necesidades de la poblaci\u00f3n.<\/p>\n\n\n\n<p>Con un mitin frente al Palacio de Gobierno, en la ciudad de Oaxaca, el MULT tambi\u00e9n reiter\u00f3 su exigencia de justicia por los m\u00e1s de 500 asesinatos de sus integrantes (alrededor de 20 ocurridos en los \u00faltimos tres a\u00f1os), atenci\u00f3n al desplazamiento forzado que han vivido en estos a\u00f1os y a la marginaci\u00f3n que persiste en los pueblos originarios de la etnia triqui.<\/p>\n\n\n\n<p>\u00abDurante d\u00e9cadas, la violencia se ha convertido en el rostro cotidiano de nuestra regi\u00f3n, mientras los gobiernos estatales y federales han preferido mirar hacia otro lado\u00bb, expuso el movimiento, uno de los tres que actualmente tienen presencia en los pueblos de la etnia Triqui de Oaxaca.<\/p>\n\n\n\n<p>De acuerdo con el MULT, en estas m\u00e1s de cuatro d\u00e9cadas los gobiernos los han criminalizado, estigmatizado e intentado dividir. Sin embargo, asegur\u00f3 que no lo han logrado, pues el movimiento sigue en pie de lucha y resistencia.<\/p>\n\n\n\n<p>\u00abAl gobierno le exigimos justicia por nuestros asesinados, no pedimos caridad, exigimos derechos: derecho a la vida, a la educaci\u00f3n, a la salud, al deporte, a nuestra cultura, a nuestra m\u00fasica, nuestro derecho a la libre determinaci\u00f3n, a nuestra identidad, a nuestros sistemas normativos, a ser consultados, al desarrollo y a la alimentaci\u00f3n\u00bb, fue parte del mensaje conmemorativo y de exigencia.<\/p>\n\n\n\n<p>La organizaci\u00f3n hizo un llamado a la unidad de sus integrantes, pero tambi\u00e9n hacia las dem\u00e1s organizaciones hermanas triquis, como el Movimiento de Unificaci\u00f3n (MULTI) y Lucha Triqui Independiente y la Uni\u00f3n de Bienestar Social de la Regi\u00f3n Triqui (Ubisort), para sacar a la regi\u00f3n de esta violencia, como explic\u00f3 posteriormente Octavio de Jes\u00fas D\u00edaz, coordinador de la dirigencia del MULT.&nbsp;<\/p>\n\n\n\n<p>\u00abNo es posible que vivamos y normalicemos los asesinatos\u00bb, apunt\u00f3 el representante. Adem\u00e1s de exigir la salida de personas externas que son las que \u00abadministran\u00bb la violencia en la naci\u00f3n Triqui.<\/p>\n\n\n\n<p>Sobre los recientes se\u00f1alamientos del MULTI por los asesinatos de dos personas en septiembre, D\u00edaz deslind\u00f3 a su organizaci\u00f3n, pues asegur\u00f3 que no tiene presencia en las comunidades donde se cometieron los cr\u00edmenes sino que es una zona donde hay grupos caciquiles del MULTI.<\/p>\n\n\n\n<figure class=\"wp-block-embed is-type-rich is-provider-twitter wp-block-embed-twitter\"><div class=\"wp-block-embed__wrapper\">\n<div class=\"twitter-tweet\"><blockquote class=\"twitter-tweet\" data-lang=\"es\"><p lang=\"es\" dir=\"ltr\"><a href=\"https:\/\/twitter.com\/hashtag\/ENVIVO?src=hash&amp;ref_src=twsrc%5Etfw\">#ENVIVO<\/a><br>Oaxaca, Oax., a 9 de octubre de 2025.- En conferencia de prensa en la capital de Oaxaca, el Movimiento de Unificaci\u00f3n y Lucha Triqui (<a href=\"https:\/\/twitter.com\/siimachumaa?ref_src=twsrc%5Etfw\">@siimachumaa<\/a>) presenta las actividades por el 44 aniversario de su fundaci\u00f3n. <br>\ud83d\udc47<a href=\"https:\/\/t.co\/VmY4sP77oZ\">https:\/\/t.co\/VmY4sP77oZ<\/a><\/p>&mdash; Zona Roja Oaxaca (@ZonaRoja_Oaxaca) <a href=\"https:\/\/twitter.com\/ZonaRoja_Oaxaca\/status\/1976311504803971125?ref_src=twsrc%5Etfw\">9 de octubre de 2025<\/a><\/blockquote><\/div>\n<\/div><\/figure>\n","protected":false},"excerpt":{"rendered":"<p>Lisbeth Mej\u00eda Reyes\/Zona Roja. Oaxaca, Oax., a 9 de octubre de 2025.- El Movimiento de&hellip;<\/p>\n","protected":false},"author":2,"featured_media":85589,"comment_status":"closed","ping_status":"open","sticky":false,"template":"","format":"standard","meta":{"_lmt_disableupdate":"","_lmt_disable":"","_jetpack_memberships_contains_paid_content":false,"footnotes":""},"categories":[109,47],"tags":[867],"class_list":["post-85588","post","type-post","status-publish","format-standard","has-post-thumbnail","hentry","category-minuto-a-minuto","category-zona-gris","tag-movimiento-unificador-de-lucha-triqui-mult"],"jetpack_featured_media_url":"https:\/\/zonaroja.com.mx\/wp-content\/uploads\/2025\/10\/Conferencia-de-prensa-MULT.jpg","jetpack_sharing_enabled":true,"_links":{"self":[{"href":"https:\/\/zonaroja.com.mx\/index.php?rest_route=\/wp\/v2\/posts\/85588","targetHints":{"allow":["GET"]}}],"collection":[{"href":"https:\/\/zonaroja.com.mx\/index.php?rest_route=\/wp\/v2\/posts"}],"about":[{"href":"https:\/\/zonaroja.com.mx\/index.php?rest_route=\/wp\/v2\/types\/post"}],"author":[{"embeddable":true,"href":"https:\/\/zonaroja.com.mx\/index.php?rest_route=\/wp\/v2\/users\/2"}],"replies":[{"embeddable":true,"href":"https:\/\/zonaroja.com.mx\/index.php?rest_route=%2Fwp%2Fv2%2Fcomments&post=85588"}],"version-history":[{"count":1,"href":"https:\/\/zonaroja.com.mx\/index.php?rest_route=\/wp\/v2\/posts\/85588\/revisions"}],"predecessor-version":[{"id":85590,"href":"https:\/\/zonaroja.com.mx\/index.php?rest_route=\/wp\/v2\/posts\/85588\/revisions\/85590"}],"wp:featuredmedia":[{"embeddable":true,"href":"https:\/\/zonaroja.com.mx\/index.php?rest_route=\/wp\/v2\/media\/85589"}],"wp:attachment":[{"href":"https:\/\/zonaroja.com.mx\/index.php?rest_route=%2Fwp%2Fv2%2Fmedia&parent=85588"}],"wp:term":[{"taxonomy":"category","embeddable":true,"href":"https:\/\/zonaroja.com.mx\/index.php?rest_route=%2Fwp%2Fv2%2Fcategories&post=85588"},{"taxonomy":"post_tag","embeddable":true,"href":"https:\/\/zonaroja.com.mx\/index.php?rest_route=%2Fwp%2Fv2%2Ftags&post=85588"}],"curies":[{"name":"wp","href":"https:\/\/api.w.org\/{rel}","templated":true}]}}