{"id":85594,"date":"2025-10-10T08:15:00","date_gmt":"2025-10-10T14:15:00","guid":{"rendered":"https:\/\/zonaroja.com.mx\/?p=85594"},"modified":"2025-10-10T07:04:47","modified_gmt":"2025-10-10T13:04:47","slug":"la-cuarta-muestra-de-cine-de-la-mixteca-llega-a-oaxaca","status":"publish","type":"post","link":"https:\/\/zonaroja.com.mx\/?p=85594","title":{"rendered":"La cuarta Muestra de Cine de la Mixteca llega a Oaxaca\u00a0"},"content":{"rendered":"\n<p>Lisbeth Mej\u00eda Reyes\/Zona Roja.<\/p>\n\n\n\n<p>Oaxaca, Oax., a 10 de octubre de 2025.- Despu\u00e9s de inaugurarse en Tehuac\u00e1n, Puebla, el pasado 2 de octubre, la cuarta Muestra de Cine de la Mixteca llega este fin de semana al estado de Oaxaca, donde tendr\u00e1 funciones gratuitas en Santo Domingo Tonal\u00e1, San Pedro y San Pablo Teposcolula, Huajuapan de Le\u00f3n y otras comunidades de la regi\u00f3n.<\/p>\n\n\n\n<p>Este viernes, la programaci\u00f3n tendr\u00e1 como sede la biblioteca Casa de la Casica, en San Pedro y San Pablo Teposcolula, con la proyecci\u00f3n del cortometraje \u00abLa historia del Yucuate\u00bb, descrito como \u00abun experimento audiovisual que mezcla t\u00e9cnicas de animaci\u00f3n, lenguaje documental y teatral\u00bb.&nbsp;<\/p>\n\n\n\n<p>De acuerdo con la organizaci\u00f3n de la muestra, este cortometraje fue realizado con infantes y j\u00f3venes del taller Yivi. \u00abParte de una historia real: el incendio del Cerro del Cacahuate, en Santo Domingo Yanhuitl\u00e1n, Oaxaca en febrero del 2021\u00bb.<\/p>\n\n\n\n<p>Otro cortometraje a proyectar es \u00abDolores\u00bb, de Cecilia Andal\u00f3n, que narra la historia de Dolores y sus amigas, quienes juegan en una zona prohibida de los maizales.&nbsp;<\/p>\n\n\n\n<p>\u00abLas nubes se ciernen amenazantes, podr\u00eda avecinarse una tormenta o alguna presencia maligna. Las amigas de Dolores huyen; Dolores, que es valiente, se sumerge en lo m\u00e1s profundo del sembrad\u00edo y cae un un hoyo que parece no tener fondo. Una aventura de ancestros, enigmas y transformaciones est\u00e1 por iniciar\u00bb.<\/p>\n\n\n\n<p>El cortometraje \u00abM\u00fasicas\u00bb, de Lila Avil\u00e9s es otra de las pel\u00edculas de este viernes. Se trata de un documental sobre la banda Mujeres del Viento Florido, que surgi\u00f3 en Santa Mar\u00eda Tlahuitoltepec y dirige Leticia Gallardo.&nbsp;<\/p>\n\n\n\n<p>\u00abLa pel\u00edcula captura la profunda conexi\u00f3n entre las mujeres, su m\u00fasica y los paisajes que las inspiran\u00bb.<\/p>\n\n\n\n<p>La cuarta Muestra de Cine Mixteca es una iniciativa que se realiza con el apoyo del Instituto Mexicano de Cinematograf\u00eda, mediante el programa Fomento al Cine Mexicano (Focine).<\/p>\n\n\n\n<p>\u00abEl proyecto reafirma su misi\u00f3n de acercar el cine a comunidades que pocas veces tienen acceso a salas convencionales, generando un espacio de encuentro a trav\u00e9s de pel\u00edculas, talleres y actividades gratuitas\u00bb, explican sus organizadores.&nbsp;<\/p>\n\n\n\n<p>Adem\u00e1s de resaltar la presencia de mujeres cineastas, \u00abquienes representan la mayor\u00eda de la selecci\u00f3n de cortometrajes. Sus obras abordan temas de memoria, territorio, cuerpo, comunidad, maternidad, feminismo y espiritualidad, aportando miradas cr\u00edticas y sensibles que ampl\u00edan el di\u00e1logo entre la creaci\u00f3n cinematogr\u00e1fica y la vida cotidiana\u00bb.&nbsp;<\/p>\n\n\n\n<p>La funci\u00f3n inaugural fue el 2 de octubre en Tehuac\u00e1n, Puebla, con la proyecci\u00f3n de \u00abNo nos mover\u00e1n\u00bb, pel\u00edcula seleccionada para representar a M\u00e9xico en los pr\u00f3ximos Premios \u00d3scar y Premios Goya.&nbsp;<\/p>\n\n\n\n<p>El recorrido abarca proyecciones en Acatlima, Santiago Chazumba, Corral de Piedra, Huajuapan de Le\u00f3n, La Junta, San Andr\u00e9s Dinicuiti, Santo Domingo Tonal\u00e1, Tamazul\u00e1pam del Progreso, Tehuac\u00e1n y Teposcolula, municipios de la regi\u00f3n Mixteca de Oaxaca y Puebla.<\/p>\n\n\n\n<p>Los detalles de la programaci\u00f3n y la lista de pel\u00edculas a presentar se pueden consultar en las redes sociales de Instagram: @cinemixteca y en Facebook: Cine Mixteca.<\/p>\n","protected":false},"excerpt":{"rendered":"<p>Lisbeth Mej\u00eda Reyes\/Zona Roja. Oaxaca, Oax., a 10 de octubre de 2025.- Despu\u00e9s de inaugurarse&hellip;<\/p>\n","protected":false},"author":2,"featured_media":85595,"comment_status":"closed","ping_status":"open","sticky":false,"template":"","format":"standard","meta":{"_lmt_disableupdate":"","_lmt_disable":"","_jetpack_memberships_contains_paid_content":false,"footnotes":""},"categories":[109,46],"tags":[],"class_list":["post-85594","post","type-post","status-publish","format-standard","has-post-thumbnail","hentry","category-minuto-a-minuto","category-zona-blanca"],"jetpack_featured_media_url":"https:\/\/zonaroja.com.mx\/wp-content\/uploads\/2025\/10\/Programa-de-cine-Oaxaca.jpg","jetpack_sharing_enabled":true,"_links":{"self":[{"href":"https:\/\/zonaroja.com.mx\/index.php?rest_route=\/wp\/v2\/posts\/85594","targetHints":{"allow":["GET"]}}],"collection":[{"href":"https:\/\/zonaroja.com.mx\/index.php?rest_route=\/wp\/v2\/posts"}],"about":[{"href":"https:\/\/zonaroja.com.mx\/index.php?rest_route=\/wp\/v2\/types\/post"}],"author":[{"embeddable":true,"href":"https:\/\/zonaroja.com.mx\/index.php?rest_route=\/wp\/v2\/users\/2"}],"replies":[{"embeddable":true,"href":"https:\/\/zonaroja.com.mx\/index.php?rest_route=%2Fwp%2Fv2%2Fcomments&post=85594"}],"version-history":[{"count":1,"href":"https:\/\/zonaroja.com.mx\/index.php?rest_route=\/wp\/v2\/posts\/85594\/revisions"}],"predecessor-version":[{"id":85596,"href":"https:\/\/zonaroja.com.mx\/index.php?rest_route=\/wp\/v2\/posts\/85594\/revisions\/85596"}],"wp:featuredmedia":[{"embeddable":true,"href":"https:\/\/zonaroja.com.mx\/index.php?rest_route=\/wp\/v2\/media\/85595"}],"wp:attachment":[{"href":"https:\/\/zonaroja.com.mx\/index.php?rest_route=%2Fwp%2Fv2%2Fmedia&parent=85594"}],"wp:term":[{"taxonomy":"category","embeddable":true,"href":"https:\/\/zonaroja.com.mx\/index.php?rest_route=%2Fwp%2Fv2%2Fcategories&post=85594"},{"taxonomy":"post_tag","embeddable":true,"href":"https:\/\/zonaroja.com.mx\/index.php?rest_route=%2Fwp%2Fv2%2Ftags&post=85594"}],"curies":[{"name":"wp","href":"https:\/\/api.w.org\/{rel}","templated":true}]}}