{"id":85597,"date":"2025-10-10T08:30:00","date_gmt":"2025-10-10T14:30:00","guid":{"rendered":"https:\/\/zonaroja.com.mx\/?p=85597"},"modified":"2025-10-10T08:38:13","modified_gmt":"2025-10-10T14:38:13","slug":"reactivan-las-ejecuciones-en-juchitan-de-zaragoza","status":"publish","type":"post","link":"https:\/\/zonaroja.com.mx\/?p=85597","title":{"rendered":"Reactivan las ejecuciones en Juchit\u00e1n de Zaragoza"},"content":{"rendered":"\n<p>Raymundo Morales\/Zona Roja.<\/p>\n\n\n\n<p>Oaxaca, Oax., a 10 de octubre de 2025.- Luego de casi una semana sin hechos violentos, en Juchit\u00e1n de Zaragoza, una persona del sexo masculino fue ejecutada a balazos la madrugada de este viernes.<\/p>\n\n\n\n<p>El cuerpo, maniatado y con huellas de tortura, fue localizado en una vialidad de la colonia Luis Donaldo Colosio; ten\u00eda tambi\u00e9n sellada la boca con cinta met\u00e1lica y la cabeza cubierta con una bolsa negra; la v\u00edctima a\u00fan no ha sido identificada.<\/p>\n\n\n\n<p>Fueron familiares de la zona que pidieron el auxilio de las corporaciones policiacas, tras escuchar detonaciones de arma de fuego. Param\u00e9dicos arribaron a la zona pero corroboraron que el individuo ya no ten\u00eda signos vitales.<\/p>\n\n\n\n<p>Personal de la Vicefiscal\u00eda Regional del Istmo, dependiente de la Fiscal\u00eda General del Estado de Oaxaca, inici\u00f3 las labores periciales e integra la carpeta de investigaci\u00f3n correspondiente, para dar con el paradero del o de los autores del crimen.<\/p>\n\n\n\n<p>Fue el pasado domingo 5 de marzo en que se registr\u00f3 el asesinato de dos personas, en la colonia 21 de Marzo de Juchit\u00e1n, mientras el edil morenista Miguel S\u00e1nchez Altamirano se encontraba en festejos morenistas en la Ciudad de M\u00e9xico.<\/p>\n","protected":false},"excerpt":{"rendered":"<p>Raymundo Morales\/Zona Roja. Oaxaca, Oax., a 10 de octubre de 2025.- Luego de casi una&hellip;<\/p>\n","protected":false},"author":2,"featured_media":74064,"comment_status":"closed","ping_status":"open","sticky":false,"template":"","format":"standard","meta":{"_lmt_disableupdate":"","_lmt_disable":"","_jetpack_memberships_contains_paid_content":false,"footnotes":""},"categories":[109,51],"tags":[297],"class_list":["post-85597","post","type-post","status-publish","format-standard","has-post-thumbnail","hentry","category-minuto-a-minuto","category-zona-roja","tag-ejecutado-juchitan"],"jetpack_featured_media_url":"https:\/\/zonaroja.com.mx\/wp-content\/uploads\/2024\/11\/Escena-del-crimen-2.jpg.webp","jetpack_sharing_enabled":true,"_links":{"self":[{"href":"https:\/\/zonaroja.com.mx\/index.php?rest_route=\/wp\/v2\/posts\/85597","targetHints":{"allow":["GET"]}}],"collection":[{"href":"https:\/\/zonaroja.com.mx\/index.php?rest_route=\/wp\/v2\/posts"}],"about":[{"href":"https:\/\/zonaroja.com.mx\/index.php?rest_route=\/wp\/v2\/types\/post"}],"author":[{"embeddable":true,"href":"https:\/\/zonaroja.com.mx\/index.php?rest_route=\/wp\/v2\/users\/2"}],"replies":[{"embeddable":true,"href":"https:\/\/zonaroja.com.mx\/index.php?rest_route=%2Fwp%2Fv2%2Fcomments&post=85597"}],"version-history":[{"count":1,"href":"https:\/\/zonaroja.com.mx\/index.php?rest_route=\/wp\/v2\/posts\/85597\/revisions"}],"predecessor-version":[{"id":85598,"href":"https:\/\/zonaroja.com.mx\/index.php?rest_route=\/wp\/v2\/posts\/85597\/revisions\/85598"}],"wp:featuredmedia":[{"embeddable":true,"href":"https:\/\/zonaroja.com.mx\/index.php?rest_route=\/wp\/v2\/media\/74064"}],"wp:attachment":[{"href":"https:\/\/zonaroja.com.mx\/index.php?rest_route=%2Fwp%2Fv2%2Fmedia&parent=85597"}],"wp:term":[{"taxonomy":"category","embeddable":true,"href":"https:\/\/zonaroja.com.mx\/index.php?rest_route=%2Fwp%2Fv2%2Fcategories&post=85597"},{"taxonomy":"post_tag","embeddable":true,"href":"https:\/\/zonaroja.com.mx\/index.php?rest_route=%2Fwp%2Fv2%2Ftags&post=85597"}],"curies":[{"name":"wp","href":"https:\/\/api.w.org\/{rel}","templated":true}]}}