{"id":85599,"date":"2025-10-10T09:51:00","date_gmt":"2025-10-10T15:51:00","guid":{"rendered":"https:\/\/zonaroja.com.mx\/?p=85599"},"modified":"2025-10-10T07:55:24","modified_gmt":"2025-10-10T13:55:24","slug":"preparan-en-la-capital-de-oaxaca-actividades-por-el-dia-de-muertos","status":"publish","type":"post","link":"https:\/\/zonaroja.com.mx\/?p=85599","title":{"rendered":"Preparan en la capital de Oaxaca actividades por el D\u00eda de Muertos"},"content":{"rendered":"\n<p>Redacci\u00f3n\/Zona Roja.<\/p>\n\n\n\n<p>Oaxaca, Oax., a 10 de octubre de 2025.- El ayuntamiento de Oaxaca de Ju\u00e1rez, a trav\u00e9s de la Secretar\u00eda de Cultura, Educaci\u00f3n y Fomento a la Lectura, invita a disfrutar del programa \u201cD\u00edas de los Fieles Difuntos 2025\u201d, una cartelera que llenar\u00e1 de color, m\u00fasica y tradici\u00f3n el Jard\u00edn \u201cEl Pa\u00f1uelito\u201d, del 28 de octubre al 2 de noviembre.<\/p>\n\n\n\n<p>Como antesala a la gran celebraci\u00f3n de los Fieles Difuntos, se llevar\u00e1n a cabo talleres de elaboraci\u00f3n de calaveritas, catrinas y resplandores, de 11:00 a 15:00 horas, del 28 al 30 de octubre, donde ni\u00f1as, ni\u00f1os y familias podr\u00e1n crear sus propios s\u00edmbolos de esta festividad ancestral.<\/p>\n\n\n\n<p>Adem\u00e1s, las tardes se vestir\u00e1n de arte con presentaciones culturales y art\u00edsticas que incluir\u00e1n espect\u00e1culos de m\u00fasica, danza y teatro. Entre ellos, destacan la participaci\u00f3n del Grupo Guendab\u00ed Chii con \u201cFandango con la Muerte\u201d, la Banda Infantil y Juvenil \u201cAmeyali\u201d de San Agust\u00edn Etla, as\u00ed como el ensamble danc\u00edstico \u201cLos ojos del Alebrije\u201d del Barrio de Trinidad de las Huertas.<\/p>\n\n\n\n<p>El 1 y 2 de noviembre, el escenario del Pa\u00f1uelito se llenar\u00e1 de tradici\u00f3n con el desfile conmemorativo de las Chinas Oaxaque\u00f1as de Genoveva Medina, la compa\u00f1\u00eda folcl\u00f3rica \u201cRitmo de mi raza\u201d y la participaci\u00f3n especial del Municipio de la Villa de Zaachila.<\/p>\n\n\n\n<p>Con estas actividades, el Ayuntamiento que encabeza el presidente Ray Chagoya reafirma su compromiso con el fomento a la cultura, la educaci\u00f3n y la preservaci\u00f3n de nuestras tradiciones, consolidando a Oaxaca de Ju\u00e1rez como el coraz\u00f3n vivo de las celebraciones de D\u00eda de Muertos.<\/p>\n","protected":false},"excerpt":{"rendered":"<p>Redacci\u00f3n\/Zona Roja. Oaxaca, Oax., a 10 de octubre de 2025.- El ayuntamiento de Oaxaca de&hellip;<\/p>\n","protected":false},"author":2,"featured_media":85600,"comment_status":"closed","ping_status":"open","sticky":false,"template":"","format":"standard","meta":{"_lmt_disableupdate":"","_lmt_disable":"","_jetpack_memberships_contains_paid_content":false,"footnotes":""},"categories":[109,46],"tags":[148],"class_list":["post-85599","post","type-post","status-publish","format-standard","has-post-thumbnail","hentry","category-minuto-a-minuto","category-zona-blanca","tag-oaxaca-de-juarez"],"jetpack_featured_media_url":"https:\/\/zonaroja.com.mx\/wp-content\/uploads\/2025\/10\/Dia-de-muertos-Oaxaca.jpg.webp","jetpack_sharing_enabled":true,"_links":{"self":[{"href":"https:\/\/zonaroja.com.mx\/index.php?rest_route=\/wp\/v2\/posts\/85599","targetHints":{"allow":["GET"]}}],"collection":[{"href":"https:\/\/zonaroja.com.mx\/index.php?rest_route=\/wp\/v2\/posts"}],"about":[{"href":"https:\/\/zonaroja.com.mx\/index.php?rest_route=\/wp\/v2\/types\/post"}],"author":[{"embeddable":true,"href":"https:\/\/zonaroja.com.mx\/index.php?rest_route=\/wp\/v2\/users\/2"}],"replies":[{"embeddable":true,"href":"https:\/\/zonaroja.com.mx\/index.php?rest_route=%2Fwp%2Fv2%2Fcomments&post=85599"}],"version-history":[{"count":1,"href":"https:\/\/zonaroja.com.mx\/index.php?rest_route=\/wp\/v2\/posts\/85599\/revisions"}],"predecessor-version":[{"id":85601,"href":"https:\/\/zonaroja.com.mx\/index.php?rest_route=\/wp\/v2\/posts\/85599\/revisions\/85601"}],"wp:featuredmedia":[{"embeddable":true,"href":"https:\/\/zonaroja.com.mx\/index.php?rest_route=\/wp\/v2\/media\/85600"}],"wp:attachment":[{"href":"https:\/\/zonaroja.com.mx\/index.php?rest_route=%2Fwp%2Fv2%2Fmedia&parent=85599"}],"wp:term":[{"taxonomy":"category","embeddable":true,"href":"https:\/\/zonaroja.com.mx\/index.php?rest_route=%2Fwp%2Fv2%2Fcategories&post=85599"},{"taxonomy":"post_tag","embeddable":true,"href":"https:\/\/zonaroja.com.mx\/index.php?rest_route=%2Fwp%2Fv2%2Ftags&post=85599"}],"curies":[{"name":"wp","href":"https:\/\/api.w.org\/{rel}","templated":true}]}}