{"id":85602,"date":"2025-10-10T10:55:00","date_gmt":"2025-10-10T16:55:00","guid":{"rendered":"https:\/\/zonaroja.com.mx\/?p=85602"},"modified":"2025-10-10T07:57:31","modified_gmt":"2025-10-10T13:57:31","slug":"destituyen-a-la-presidenta-de-peru-por-permanente-incapacidad","status":"publish","type":"post","link":"https:\/\/zonaroja.com.mx\/?p=85602","title":{"rendered":"Destituyen a la presidenta de Per\u00fa por \u201cpermanente incapacidad\u201d"},"content":{"rendered":"\n<p>Redacci\u00f3n\/Zona Roja Cdmx.<\/p>\n\n\n\n<p>(Informaci\u00f3n de \u201cEl Financiero\u201d)<\/p>\n\n\n\n<p>Ciudad de M\u00e9xico, a 10 de octubre de 2025.- Dina Boluarte fue destituida de la Presidencia de Per\u00fa la noche de este jueves 9 de octubre, luego de que el Congreso votara en favor por la vacancia del puesto, en una sesi\u00f3n a la que la mandataria, que sustituy\u00f3 a Pedro Castillo, no acudi\u00f3 al llamado en el que la solicitaron.<\/p>\n\n\n\n<p>La resoluci\u00f3n indica la permanente incapacidad de Dina Boluarte para ejercer la Presidencia de Per\u00fa. Con ello, se emiti\u00f3 una declaraci\u00f3n de vacancia de la Presidencia de la Rep\u00fablica del Per\u00fa.<\/p>\n\n\n\n<p>120 congresistas participaron en la votaci\u00f3n, en la que la mayor\u00eda votaron por la destituci\u00f3n de Dina Boluarte. 119 congresistas votaron a favor, adem\u00e1s de que hubo 0 votos en contra y ninguna abstenci\u00f3n. M\u00e1s tarde, se integr\u00f3 el voto faltante a favor de la remoci\u00f3n de la Presidencia.<\/p>\n\n\n\n<p>Todo hac\u00eda indicar que Boluarte terminar\u00eda el mandato hasta las elecciones generales de 2026 gracias a la afinidad que hab\u00eda conseguido con los partidos al mando del Congreso, pero ese idilio se rompi\u00f3 de forma abrupta a medida que se acercaban los comicios y las fuerzas que la respaldaban prefirieron que no les contagiase su enorme impopularidad.<\/p>\n\n\n\n<p>Boluarte asumi\u00f3 la Presidencia de Per\u00fa en diciembre de 2022 para suceder al izquierdista Pedro Castillo (2021-2022), despu\u00e9s del fallido intento de autogolpe de Estado protagonizado por el izquierdista gobernante para intentar evitar una eventual destituci\u00f3n del mismo Congreso, tras salir a la luz numerosos indicios de presunta corrupci\u00f3n en su administraci\u00f3n.<\/p>\n\n\n\n<p>El detonante que motiv\u00f3 a activar el proceso de destituci\u00f3n de Boluarte fue la escalada de criminalidad a nivel nacional y las nuevas protestas registradas en las \u00faltimas semanas en el centro de la capital Lima lideradas por la denominada \u2018Generaci\u00f3n Z\u2019, as\u00ed como un masivo para de autobuses de transporte urbano que el lunes paraliz\u00f3 la capital ante una ola de extorsiones y asesinatos de conductores.<\/p>\n","protected":false},"excerpt":{"rendered":"<p>Redacci\u00f3n\/Zona Roja Cdmx. (Informaci\u00f3n de \u201cEl Financiero\u201d) Ciudad de M\u00e9xico, a 10 de octubre de&hellip;<\/p>\n","protected":false},"author":2,"featured_media":85603,"comment_status":"closed","ping_status":"open","sticky":false,"template":"","format":"standard","meta":{"_lmt_disableupdate":"","_lmt_disable":"","_jetpack_memberships_contains_paid_content":false,"footnotes":""},"categories":[109,47],"tags":[4479],"class_list":["post-85602","post","type-post","status-publish","format-standard","has-post-thumbnail","hentry","category-minuto-a-minuto","category-zona-gris","tag-dina-boluarte"],"jetpack_featured_media_url":"https:\/\/zonaroja.com.mx\/wp-content\/uploads\/2025\/10\/Dina-Boluarte.webp","jetpack_sharing_enabled":true,"_links":{"self":[{"href":"https:\/\/zonaroja.com.mx\/index.php?rest_route=\/wp\/v2\/posts\/85602","targetHints":{"allow":["GET"]}}],"collection":[{"href":"https:\/\/zonaroja.com.mx\/index.php?rest_route=\/wp\/v2\/posts"}],"about":[{"href":"https:\/\/zonaroja.com.mx\/index.php?rest_route=\/wp\/v2\/types\/post"}],"author":[{"embeddable":true,"href":"https:\/\/zonaroja.com.mx\/index.php?rest_route=\/wp\/v2\/users\/2"}],"replies":[{"embeddable":true,"href":"https:\/\/zonaroja.com.mx\/index.php?rest_route=%2Fwp%2Fv2%2Fcomments&post=85602"}],"version-history":[{"count":1,"href":"https:\/\/zonaroja.com.mx\/index.php?rest_route=\/wp\/v2\/posts\/85602\/revisions"}],"predecessor-version":[{"id":85604,"href":"https:\/\/zonaroja.com.mx\/index.php?rest_route=\/wp\/v2\/posts\/85602\/revisions\/85604"}],"wp:featuredmedia":[{"embeddable":true,"href":"https:\/\/zonaroja.com.mx\/index.php?rest_route=\/wp\/v2\/media\/85603"}],"wp:attachment":[{"href":"https:\/\/zonaroja.com.mx\/index.php?rest_route=%2Fwp%2Fv2%2Fmedia&parent=85602"}],"wp:term":[{"taxonomy":"category","embeddable":true,"href":"https:\/\/zonaroja.com.mx\/index.php?rest_route=%2Fwp%2Fv2%2Fcategories&post=85602"},{"taxonomy":"post_tag","embeddable":true,"href":"https:\/\/zonaroja.com.mx\/index.php?rest_route=%2Fwp%2Fv2%2Ftags&post=85602"}],"curies":[{"name":"wp","href":"https:\/\/api.w.org\/{rel}","templated":true}]}}