{"id":85605,"date":"2025-10-10T11:30:00","date_gmt":"2025-10-10T17:30:00","guid":{"rendered":"https:\/\/zonaroja.com.mx\/?p=85605"},"modified":"2025-10-10T07:59:38","modified_gmt":"2025-10-10T13:59:38","slug":"va-de-nuevo-yolotepec-y-yosondua-retoman-la-ruta-del-dialogo","status":"publish","type":"post","link":"https:\/\/zonaroja.com.mx\/?p=85605","title":{"rendered":"Va de nuevo: Yolotepec y Yosond\u00faa retoman la ruta del di\u00e1logo"},"content":{"rendered":"\n<p>Redacci\u00f3n\/Zona Roja.<\/p>\n\n\n\n<p>Oaxaca, Oax., a 10 de octubre de 2025.- Autoridades municipales y agrarias de Santa Mar\u00eda Yolotepec y Buenavista, perteneciente a Santiago Yosond\u00faa, entablaron una nueva mesa de di\u00e1logo en la que se comprometieron a cesar los actos de violencia para solucionar el problema agrario y social que viven desde hace siete d\u00e9cadas.<\/p>\n\n\n\n<p>Ante representantes del Gobierno del Estado a trav\u00e9s de la Secretar\u00eda de Gobierno (Sego) y la Junta de Conciliaci\u00f3n Agraria (JCA), as\u00ed como de la Secretar\u00eda de Gobernaci\u00f3n (Segob), manifestaron su disposici\u00f3n para recuperar la paz por la ruta del di\u00e1logo y garantizar la estabilidad en la zona de conflicto.<\/p>\n\n\n\n<p>En este encuentro realizado en el Centro Cultural de la Heroica Ciudad de Tlaxiaco se comprometieron a hablar con sus respectivas asambleas para exhortarles a mantener la calma y evitar actos que alteren el orden.<\/p>\n\n\n\n<p>Respecto a la reuni\u00f3n programada para el pr\u00f3ximo lunes 13 de octubre en Palacio de Gobierno, Santiago Yosond\u00faa confirm\u00f3 su asistencia, mientras que Santa Mar\u00eda Yolotepec realizar\u00e1 las gestiones necesarias ante su asamblea.<\/p>\n\n\n\n<p>El gobierno seguir\u00e1 acompa\u00f1ando este proceso mediante el di\u00e1logo, la conciliaci\u00f3n y el respeto mutuo; no obstante, reitera que quienes incurran en actos de provocaci\u00f3n y violencia para desestabilizar la zona, deber\u00e1n ser juzgados de acuerdo con la ley.<\/p>\n","protected":false},"excerpt":{"rendered":"<p>Redacci\u00f3n\/Zona Roja. Oaxaca, Oax., a 10 de octubre de 2025.- Autoridades municipales y agrarias de&hellip;<\/p>\n","protected":false},"author":2,"featured_media":85606,"comment_status":"closed","ping_status":"open","sticky":false,"template":"","format":"standard","meta":{"_lmt_disableupdate":"","_lmt_disable":"","_jetpack_memberships_contains_paid_content":false,"footnotes":""},"categories":[109,46],"tags":[4412,3925],"class_list":["post-85605","post","type-post","status-publish","format-standard","has-post-thumbnail","hentry","category-minuto-a-minuto","category-zona-blanca","tag-santa-maria-yolotepec","tag-santiago-yosondua"],"jetpack_featured_media_url":"https:\/\/zonaroja.com.mx\/wp-content\/uploads\/2025\/10\/Acuerdan-Santa-Maria-Yolotepec-y-Santiago-Yosondua-mantener-la-ruta-del-dialogo-y-cesar-actos-de-violencia-1.jpeg","jetpack_sharing_enabled":true,"_links":{"self":[{"href":"https:\/\/zonaroja.com.mx\/index.php?rest_route=\/wp\/v2\/posts\/85605","targetHints":{"allow":["GET"]}}],"collection":[{"href":"https:\/\/zonaroja.com.mx\/index.php?rest_route=\/wp\/v2\/posts"}],"about":[{"href":"https:\/\/zonaroja.com.mx\/index.php?rest_route=\/wp\/v2\/types\/post"}],"author":[{"embeddable":true,"href":"https:\/\/zonaroja.com.mx\/index.php?rest_route=\/wp\/v2\/users\/2"}],"replies":[{"embeddable":true,"href":"https:\/\/zonaroja.com.mx\/index.php?rest_route=%2Fwp%2Fv2%2Fcomments&post=85605"}],"version-history":[{"count":1,"href":"https:\/\/zonaroja.com.mx\/index.php?rest_route=\/wp\/v2\/posts\/85605\/revisions"}],"predecessor-version":[{"id":85607,"href":"https:\/\/zonaroja.com.mx\/index.php?rest_route=\/wp\/v2\/posts\/85605\/revisions\/85607"}],"wp:featuredmedia":[{"embeddable":true,"href":"https:\/\/zonaroja.com.mx\/index.php?rest_route=\/wp\/v2\/media\/85606"}],"wp:attachment":[{"href":"https:\/\/zonaroja.com.mx\/index.php?rest_route=%2Fwp%2Fv2%2Fmedia&parent=85605"}],"wp:term":[{"taxonomy":"category","embeddable":true,"href":"https:\/\/zonaroja.com.mx\/index.php?rest_route=%2Fwp%2Fv2%2Fcategories&post=85605"},{"taxonomy":"post_tag","embeddable":true,"href":"https:\/\/zonaroja.com.mx\/index.php?rest_route=%2Fwp%2Fv2%2Ftags&post=85605"}],"curies":[{"name":"wp","href":"https:\/\/api.w.org\/{rel}","templated":true}]}}