{"id":85624,"date":"2025-10-10T19:54:28","date_gmt":"2025-10-11T01:54:28","guid":{"rendered":"https:\/\/zonaroja.com.mx\/?p=85624"},"modified":"2025-10-10T19:54:30","modified_gmt":"2025-10-11T01:54:30","slug":"adidas-alcanza-acuerdo-reparatorio-con-artesanos-de-oaxaca-por-apropiacion-cultural","status":"publish","type":"post","link":"https:\/\/zonaroja.com.mx\/?p=85624","title":{"rendered":"Adidas alcanza acuerdo reparatorio con artesanos de Oaxaca por apropiaci\u00f3n cultural"},"content":{"rendered":"\n<p>Redacci\u00f3n\/Zona Roja Cdmx.<\/p>\n\n\n\n<p>(Informaci\u00f3n de Forbes\/EFE)<\/p>\n\n\n\n<p>Ciudad de M\u00e9xico, a 10 de octubre de 2025.- La empresa alemana Adidas alcanz\u00f3 un acuerdo reparatorio con artesanos ind\u00edgenas del estado mexicano de Oaxaca por la apropiaci\u00f3n cultural indebida del huarache (sandalias) tradicional de la comunidad Yal\u00e1lag, cuyo dise\u00f1o ya fue sacado del mercado por la marca, inform\u00f3 este viernes el gobierno mexicano.<\/p>\n\n\n\n<p>\u201cHubo reuniones con la comunidad afectada, en esas reuniones los acompa\u00f1aron los Instituto Nacionales de los Pueblos Ind\u00edgenas (Inpi) y del Derecho de Autor (Indautor) que son las dos instancias que se encargan de ello de acuerdo a la ley y se lleg\u00f3 a varios acuerdos con la marca\u201d, explic\u00f3 Marina N\u00fa\u00f1ez Bespalova, subsecretar\u00eda de Desarrollo Cultural de la Secretar\u00eda de Cultura de M\u00e9xico, durante la conferencia presidencial.<\/p>\n\n\n\n<p>N\u00fa\u00f1ez agreg\u00f3 que el \u201cacuerdo de resarcimiento todav\u00eda no se puede anunciar p\u00fablicamente pero tiene que ver con algunas infraestructuras que pidi\u00f3 la propia comunidad\u201d.<\/p>\n\n\n\n<p>La funcionaria dijo que tras el acuerdo \u201cse pensar\u00e1 en alg\u00fan tipo de colaboraci\u00f3n m\u00e1s adelante\u201d y que el calzado no se vender\u00e1, \u201cesos zapatos se bajaron del mercado de inmediato\u201d tras la denuncia.<\/p>\n\n\n\n<p>Las sandalias \u2018Oaxaca slip-on\u2019 de Adidas, presentadas el 4 de agosto, eran un dise\u00f1o hecho en colaboraci\u00f3n con el estadounidense Willy Chavarr\u00eda.<\/p>\n\n\n\n<p>El 8 de agosto, la empresa solicit\u00f3 en una carta al Gobierno de Oaxaca establecer un di\u00e1logo para reparar el da\u00f1o contra el municipio de Villa Hidalgo Yal\u00e1lag, en la Sierra Norte de Oaxaca.<\/p>\n\n\n\n<p>En respuesta, el secretario de Cultura de Oaxaca, Flavio Sosa, anunci\u00f3 que solicitar\u00edan a la compa\u00f1\u00eda reconocer que el dise\u00f1o le pertenece \u201chist\u00f3ricamente\u201d a Villa Hidalgo Yal\u00e1lag, reparar el da\u00f1o y asumir el compromiso de no repetici\u00f3n, adem\u00e1s de retirar el producto del mercado.<\/p>\n\n\n\n<p>Ese mismo d\u00eda, la presidenta mexicana, Claudia Sheinbaum dijo que los huaraches son \u201cuna propiedad intelectual colectiva\u201d, por lo que \u201ctiene que haber un resarcimiento\u201d y \u201ccumplirse con la ley de patrimonio\u201d.<\/p>\n\n\n\n<p>Adidas ofreci\u00f3 una disculpa p\u00fablica, el 21 de agosto, por la apropiaci\u00f3n cultural indebida del huarache tradicional de la comunidad Yal\u00e1lag del estado de Oaxaca, sur de M\u00e9xico, que fue \u201cinspiraci\u00f3n\u201d del modelo lanzado por la marca de ropa deportiva.<\/p>\n\n\n\n<p>Y reafirm\u00f3 su \u201ccompromiso\u201d de \u201ctrabajar de manera colaborativa con la comunidad Yal\u00e1lag\u201d, mediante un \u201cdi\u00e1logo basado en el respeto, la escucha y el reconocimiento de su herencia cultural\u201d.<\/p>\n","protected":false},"excerpt":{"rendered":"<p>Redacci\u00f3n\/Zona Roja Cdmx. (Informaci\u00f3n de Forbes\/EFE) Ciudad de M\u00e9xico, a 10 de octubre de 2025.-&hellip;<\/p>\n","protected":false},"author":2,"featured_media":83379,"comment_status":"closed","ping_status":"open","sticky":false,"template":"","format":"standard","meta":{"_lmt_disableupdate":"","_lmt_disable":"","_jetpack_memberships_contains_paid_content":false,"footnotes":""},"categories":[109,46],"tags":[2356],"class_list":["post-85624","post","type-post","status-publish","format-standard","has-post-thumbnail","hentry","category-minuto-a-minuto","category-zona-blanca","tag-villa-hidalgo-yalalag"],"jetpack_featured_media_url":"https:\/\/zonaroja.com.mx\/wp-content\/uploads\/2025\/08\/Willy-Chavarria-Adidas-Yalalag.avif","jetpack_sharing_enabled":true,"_links":{"self":[{"href":"https:\/\/zonaroja.com.mx\/index.php?rest_route=\/wp\/v2\/posts\/85624","targetHints":{"allow":["GET"]}}],"collection":[{"href":"https:\/\/zonaroja.com.mx\/index.php?rest_route=\/wp\/v2\/posts"}],"about":[{"href":"https:\/\/zonaroja.com.mx\/index.php?rest_route=\/wp\/v2\/types\/post"}],"author":[{"embeddable":true,"href":"https:\/\/zonaroja.com.mx\/index.php?rest_route=\/wp\/v2\/users\/2"}],"replies":[{"embeddable":true,"href":"https:\/\/zonaroja.com.mx\/index.php?rest_route=%2Fwp%2Fv2%2Fcomments&post=85624"}],"version-history":[{"count":1,"href":"https:\/\/zonaroja.com.mx\/index.php?rest_route=\/wp\/v2\/posts\/85624\/revisions"}],"predecessor-version":[{"id":85625,"href":"https:\/\/zonaroja.com.mx\/index.php?rest_route=\/wp\/v2\/posts\/85624\/revisions\/85625"}],"wp:featuredmedia":[{"embeddable":true,"href":"https:\/\/zonaroja.com.mx\/index.php?rest_route=\/wp\/v2\/media\/83379"}],"wp:attachment":[{"href":"https:\/\/zonaroja.com.mx\/index.php?rest_route=%2Fwp%2Fv2%2Fmedia&parent=85624"}],"wp:term":[{"taxonomy":"category","embeddable":true,"href":"https:\/\/zonaroja.com.mx\/index.php?rest_route=%2Fwp%2Fv2%2Fcategories&post=85624"},{"taxonomy":"post_tag","embeddable":true,"href":"https:\/\/zonaroja.com.mx\/index.php?rest_route=%2Fwp%2Fv2%2Ftags&post=85624"}],"curies":[{"name":"wp","href":"https:\/\/api.w.org\/{rel}","templated":true}]}}