{"id":85626,"date":"2025-10-10T20:30:00","date_gmt":"2025-10-11T02:30:00","guid":{"rendered":"https:\/\/zonaroja.com.mx\/?p=85626"},"modified":"2025-10-10T20:01:55","modified_gmt":"2025-10-11T02:01:55","slug":"detiene-policia-capitalina-a-presunto-autor-de-cristalazos","status":"publish","type":"post","link":"https:\/\/zonaroja.com.mx\/?p=85626","title":{"rendered":"Detiene polic\u00eda capitalina a presunto autor de \u201ccristalazos\u201d"},"content":{"rendered":"\n<p>Raymundo Morales\/Zona Roja.<\/p>\n\n\n\n<p>Oaxaca, Oax., a 10 de octubre de 2025.- Luego de varias denuncias a trav\u00e9s de las redes sociales y tras operativos, la polic\u00eda municipal de Oaxaca de Ju\u00e1rez detuvo a una persona se\u00f1alada de cometer robos en el interior de veh\u00edculos, a trav\u00e9s de la modalidad del \u201ccristalazo\u201d.<\/p>\n\n\n\n<p>En un comunicado, la Secretar\u00eda de Seguridad Vecinal inform\u00f3 que el individuo identificado como Osvaldo M. L., de 22 a\u00f1os de edad, fue sorprendido en posesi\u00f3n de varias herramientas utilizadas para cometer el delito.<\/p>\n\n\n\n<p>Fue al circular en la avenida Ju\u00e1rez y Margarita Maza, notaron la actitud evasiva de un sujeto, ya que, al observarlos trat\u00f3 de ocultarse entre los veh\u00edculos estacionados.<\/p>\n\n\n\n<p>Debido a ello, lo abordaron y acept\u00f3 la inspecci\u00f3n precautoria a su persona, hallando en su poder tres piezas met\u00e1licas, las que presuntamente utiliza para da\u00f1ar los veh\u00edculos y sustraer objetos de valor.<\/p>\n\n\n\n<p>Adem\u00e1s, le hallaron un peque\u00f1o bote de pl\u00e1stico en cuyo interior guardaba una sustancia granulada, color blanco, con caracter\u00edsticas similares a la droga conocida como cristal, as\u00ed como una licencia para conducir a nombre de otra persona.<\/p>\n\n\n\n<p>Debido a ello fue detenido y dijo llamarse Osvaldo M. L., de 22 a\u00f1os de edad, mismo que fue consignado a la autoridad ministerial como presunto responsable de delitos contra la salud.<\/p>\n\n\n\n<p>De acuerdo con la Unidad de An\u00e1lisis, de esta Secretar\u00eda, el detenido cuenta con tres ingresos a los separos municipales: en el 2019, por portaci\u00f3n de arma de fuego; en el 2022, por el delito de violencia familiar y a mediados del mes de mayo de este a\u00f1o, por una falta c\u00edvica.<\/p>\n\n\n\n<p>CONFIRMAN DETENCI\u00d3N&nbsp;<\/p>\n\n\n\n<p>La Fiscal\u00eda General del Estado confirm\u00f3 que, a trav\u00e9s del Mando de Coordinaci\u00f3n de Seguridad Metropolitana en la ciudad de Oaxaca, se logr\u00f3 la detenci\u00f3n de una persona del sexo masculino, por el delito contra la salud en su modalidad de narcomenudeo, adem\u00e1s de que se indaga su probable relaci\u00f3n con ola de \u201ccristalazos\u201d cometidos en la capital.<\/p>\n\n\n\n<p>La instituci\u00f3n detall\u00f3 que dio inicio a las investigaciones correspondientes sobre la probable participaci\u00f3n de Osvaldo M.L.&nbsp; en una ola de robos a veh\u00edculos estacionados, modalidad conocida como \u201ccristalazos\u201d, cometidos en la ciudad de Oaxaca, pues adem\u00e1s de las sustancias ilegales, le aseguraron herramientas y artefactos usados para la comisi\u00f3n de este tipo de delitos.<\/p>\n\n\n\n<p>La Fiscal\u00eda General refrend\u00f3 su compromiso de seguir trabajando para combatir este tipo de delitos que da\u00f1an el tejido social y atentan contra el bienestar de la sociedad oaxaque\u00f1a.<\/p>\n","protected":false},"excerpt":{"rendered":"<p>Raymundo Morales\/Zona Roja. Oaxaca, Oax., a 10 de octubre de 2025.- Luego de varias denuncias&hellip;<\/p>\n","protected":false},"author":2,"featured_media":85630,"comment_status":"closed","ping_status":"open","sticky":false,"template":"","format":"standard","meta":{"_lmt_disableupdate":"","_lmt_disable":"","_jetpack_memberships_contains_paid_content":false,"footnotes":""},"categories":[109,46],"tags":[494,148],"class_list":["post-85626","post","type-post","status-publish","format-standard","has-post-thumbnail","hentry","category-minuto-a-minuto","category-zona-blanca","tag-fiscalia-general-del-estado-de-oaxaca","tag-oaxaca-de-juarez"],"jetpack_featured_media_url":"https:\/\/zonaroja.com.mx\/wp-content\/uploads\/2025\/10\/Detenido-por-cristalazos-ciudad-de-Oaxaca.jpeg","jetpack_sharing_enabled":true,"_links":{"self":[{"href":"https:\/\/zonaroja.com.mx\/index.php?rest_route=\/wp\/v2\/posts\/85626","targetHints":{"allow":["GET"]}}],"collection":[{"href":"https:\/\/zonaroja.com.mx\/index.php?rest_route=\/wp\/v2\/posts"}],"about":[{"href":"https:\/\/zonaroja.com.mx\/index.php?rest_route=\/wp\/v2\/types\/post"}],"author":[{"embeddable":true,"href":"https:\/\/zonaroja.com.mx\/index.php?rest_route=\/wp\/v2\/users\/2"}],"replies":[{"embeddable":true,"href":"https:\/\/zonaroja.com.mx\/index.php?rest_route=%2Fwp%2Fv2%2Fcomments&post=85626"}],"version-history":[{"count":1,"href":"https:\/\/zonaroja.com.mx\/index.php?rest_route=\/wp\/v2\/posts\/85626\/revisions"}],"predecessor-version":[{"id":85631,"href":"https:\/\/zonaroja.com.mx\/index.php?rest_route=\/wp\/v2\/posts\/85626\/revisions\/85631"}],"wp:featuredmedia":[{"embeddable":true,"href":"https:\/\/zonaroja.com.mx\/index.php?rest_route=\/wp\/v2\/media\/85630"}],"wp:attachment":[{"href":"https:\/\/zonaroja.com.mx\/index.php?rest_route=%2Fwp%2Fv2%2Fmedia&parent=85626"}],"wp:term":[{"taxonomy":"category","embeddable":true,"href":"https:\/\/zonaroja.com.mx\/index.php?rest_route=%2Fwp%2Fv2%2Fcategories&post=85626"},{"taxonomy":"post_tag","embeddable":true,"href":"https:\/\/zonaroja.com.mx\/index.php?rest_route=%2Fwp%2Fv2%2Ftags&post=85626"}],"curies":[{"name":"wp","href":"https:\/\/api.w.org\/{rel}","templated":true}]}}