{"id":85632,"date":"2025-10-10T21:01:48","date_gmt":"2025-10-11T03:01:48","guid":{"rendered":"https:\/\/zonaroja.com.mx\/?p=85632"},"modified":"2025-10-10T21:01:49","modified_gmt":"2025-10-11T03:01:49","slug":"reprochan-jubilados-denostaciones-y-nulo-acompanamiento-de-la-seccion-22-en-su-lucha","status":"publish","type":"post","link":"https:\/\/zonaroja.com.mx\/?p=85632","title":{"rendered":"Reprochan jubilados denostaciones y nulo acompa\u00f1amiento de la Secci\u00f3n 22 en su lucha\u00a0"},"content":{"rendered":"\n<p>Lisbeth Mej\u00eda Reyes\/Zona Roja.<\/p>\n\n\n\n<p>Oaxaca, Oax., a 10 de octubre de 2025.- En su quinto d\u00eda consecutivo de protesta en la ciudad de Oaxaca, integrantes del Frente de Lucha de Jubilados 2015-2025 denunciaron que la comisi\u00f3n pol\u00edtica de la Secci\u00f3n 22 los ha dejado solos en su exigencia, a pesar de que es la que deber\u00eda de velar por sus intereses ante las autoridades estatales y federales.<\/p>\n\n\n\n<p>Este viernes, el frente volvi\u00f3 a bloquear la calle de Armenta y L\u00f3pez, frente al edificio de la Secci\u00f3n 22, en donde reiter\u00f3 su demanda para que sus hijos o familiares puedan heredar sus plazas, un derecho que perdieron a ra\u00edz de la reforma educativa del presidente Enrique Pe\u00f1a Nieto.<\/p>\n\n\n\n<p>\u00abLo que nosotros estamos exigiendo y queriendo de nuestra comisi\u00f3n pol\u00edtica es que se acerque y nos acompa\u00f1e a las negociaciones porque ya hemos tenido pl\u00e1ticas inclusive con el ex presidente Andr\u00e9s Manuel (L\u00f3pez Obrador), en la Secretar\u00eda de Educaci\u00f3n P\u00fablica, y ah\u00ed es donde le giraron una orden al director del Instituto de Educaci\u00f3n P\u00fablica de Oaxaca (IEEPO) para que atienda esta petici\u00f3n que tenemos desde el 2015\u00bb, explicaron.<\/p>\n\n\n\n<p>El frente detall\u00f3 que ante sus exigencias, el director del IEEPO les pidi\u00f3 llevar su lucha en compa\u00f1\u00eda de la comisi\u00f3n pol\u00edtica de la Secci\u00f3n 22, pues es a la que reconoce para las negociaciones.&nbsp;<\/p>\n\n\n\n<p>Sin embargo, subray\u00f3 que la comisi\u00f3n \u00abhasta ahorita nos ha negado el apoyo\u00bb e incluso ha denostado al movimiento de jubilados.<\/p>\n\n\n\n<p>Tambi\u00e9n critic\u00f3 que en un reciente comunicado la Secci\u00f3n 22 se refiera a ellos como un grupo que se autodenomina Frente de Lucha, \u00abcomo si no lo conociera\u00bb.<\/p>\n\n\n\n<p>El pasado lunes, el frente hab\u00eda cuestionado a la dirigencia magisterial por presuntamente poner m\u00e1s trabas para que puedan retomar su derecho a heredar sus plazas.<\/p>\n\n\n\n<p>En el comunicado, la Secci\u00f3n 22 rechaz\u00f3 los se\u00f1alamientos del frente sobre presunta venta de plazas y de un actuar como c\u00e1rtel, por lo que hizo un llamado a que sean responsables y respetuosos en las declaraciones p\u00fablicas.<\/p>\n\n\n\n<p>DOS SEMANAS<\/p>\n\n\n\n<p>Por otra parte, este viernes, se cumplieron dos semanas de la protesta que mantienen en la ciudad de Oaxaca supervisores y jefes de sector de la Secci\u00f3n 22, quienes exigen al gobierno estatal y federal el otorgamiento de las claves para m\u00e1s de 100 supervisores y jefes que esperan el nombramiento. Adem\u00e1s del pago de sus salarios pendientes.<\/p>\n\n\n\n<p>Aparte de los bloqueos realizados en la semana, el plant\u00f3n se ampli\u00f3 este viernes en los accesos del Palacio de Gobierno afectando las labores del personal de la administraci\u00f3n p\u00fablica.<\/p>\n\n\n\n<p>Hasta ahora se desconoce si la mesa tripartita programada para el martes se concret\u00f3 y si han habido avances o no.<\/p>\n","protected":false},"excerpt":{"rendered":"<p>Lisbeth Mej\u00eda Reyes\/Zona Roja. Oaxaca, Oax., a 10 de octubre de 2025.- En su quinto&hellip;<\/p>\n","protected":false},"author":2,"featured_media":85633,"comment_status":"closed","ping_status":"open","sticky":false,"template":"","format":"standard","meta":{"_lmt_disableupdate":"","_lmt_disable":"","_jetpack_memberships_contains_paid_content":false,"footnotes":""},"categories":[109,47],"tags":[312],"class_list":["post-85632","post","type-post","status-publish","format-standard","has-post-thumbnail","hentry","category-minuto-a-minuto","category-zona-gris","tag-seccion-22-del-snte"],"jetpack_featured_media_url":"https:\/\/zonaroja.com.mx\/wp-content\/uploads\/2025\/10\/Protesta-supervisores-y-jefes-de-sector-Seccion-22-1.jpg","jetpack_sharing_enabled":true,"_links":{"self":[{"href":"https:\/\/zonaroja.com.mx\/index.php?rest_route=\/wp\/v2\/posts\/85632","targetHints":{"allow":["GET"]}}],"collection":[{"href":"https:\/\/zonaroja.com.mx\/index.php?rest_route=\/wp\/v2\/posts"}],"about":[{"href":"https:\/\/zonaroja.com.mx\/index.php?rest_route=\/wp\/v2\/types\/post"}],"author":[{"embeddable":true,"href":"https:\/\/zonaroja.com.mx\/index.php?rest_route=\/wp\/v2\/users\/2"}],"replies":[{"embeddable":true,"href":"https:\/\/zonaroja.com.mx\/index.php?rest_route=%2Fwp%2Fv2%2Fcomments&post=85632"}],"version-history":[{"count":1,"href":"https:\/\/zonaroja.com.mx\/index.php?rest_route=\/wp\/v2\/posts\/85632\/revisions"}],"predecessor-version":[{"id":85634,"href":"https:\/\/zonaroja.com.mx\/index.php?rest_route=\/wp\/v2\/posts\/85632\/revisions\/85634"}],"wp:featuredmedia":[{"embeddable":true,"href":"https:\/\/zonaroja.com.mx\/index.php?rest_route=\/wp\/v2\/media\/85633"}],"wp:attachment":[{"href":"https:\/\/zonaroja.com.mx\/index.php?rest_route=%2Fwp%2Fv2%2Fmedia&parent=85632"}],"wp:term":[{"taxonomy":"category","embeddable":true,"href":"https:\/\/zonaroja.com.mx\/index.php?rest_route=%2Fwp%2Fv2%2Fcategories&post=85632"},{"taxonomy":"post_tag","embeddable":true,"href":"https:\/\/zonaroja.com.mx\/index.php?rest_route=%2Fwp%2Fv2%2Ftags&post=85632"}],"curies":[{"name":"wp","href":"https:\/\/api.w.org\/{rel}","templated":true}]}}