{"id":85635,"date":"2025-10-11T07:45:00","date_gmt":"2025-10-11T13:45:00","guid":{"rendered":"https:\/\/zonaroja.com.mx\/?p=85635"},"modified":"2025-10-11T06:36:53","modified_gmt":"2025-10-11T12:36:53","slug":"mole-de-cadera-patrimonio-gastronomico-y-cultural-de-oaxaca","status":"publish","type":"post","link":"https:\/\/zonaroja.com.mx\/?p=85635","title":{"rendered":"Mole de cadera, patrimonio gastron\u00f3mico y cultural de Oaxaca\u00a0"},"content":{"rendered":"\n<p>Redacci\u00f3n\/Zona Roja.<\/p>\n\n\n\n<p>Oaxaca, Oax., a 11 de octubre de 2025.- El mole de cadera \u201ces un platillo orgullo de Oaxaca y patrimonio gastron\u00f3mico y cultural de nuestro estado\u201d, refrend\u00f3 el gobernador Salom\u00f3n Jara Cruz, al inaugurar este platillo en la Plaza de la Danza de la ciudad de Oaxaca.&nbsp;<\/p>\n\n\n\n<p>Desde ayer y hasta ma\u00f1ana 12 de octubre, oaxaque\u00f1os y visitantes podr\u00e1n disfrutar de este alimento tradicional de la regi\u00f3n Mixteca, cuyo festival fue inaugurado este viernes por el titular del Poder Ejecutivo, al lado de la presidenta del DIF estatal, Irma Bola\u00f1os.&nbsp;<\/p>\n\n\n\n<p>Ante cocineras tradicionales de esa zona de la entidad, autoridades municipales, personas empresarias y pobladores, el mandatario estatal expres\u00f3 que, por tercer a\u00f1o consecutivo, esta festividad reivindica el origen oaxaque\u00f1o de este guiso, que adem\u00e1s, demuestra al mundo la grandeza de la gastronom\u00eda local.&nbsp;<\/p>\n\n\n\n<p>El mole de caderas forma parte de la gastronom\u00eda del estado, la cual es Patrimonio Inmaterial de la Humanidad, producto de las manos sabias de las cocineras tradicionales y de la herencia viva de la Mixteca, una regi\u00f3n que es ra\u00edz profunda, historia y esp\u00edritu de Mesoam\u00e9rica.<\/p>\n\n\n\n<p>La receta de este platillo que tiene su origen en el siglo XVIII, ha sido protegida como un tesoro por: pastores, criadores de vacas, matanceros, cocineras y carniceros, por eso, forma parte de la riqueza patrimonial de Oaxaca.<\/p>\n\n\n\n<p>HOMENAJE COMUNITARIO<\/p>\n\n\n\n<p>En su oportunidad, la secretaria de Turismo de Oaxaca, Saymi Pineda Velasco se\u00f1al\u00f3 que tambi\u00e9n se hace un homenaje al trabajo comunitario y la sabidur\u00eda de las y los mixtecos que han conservado por generaciones esta receta culinaria.&nbsp;<\/p>\n\n\n\n<p>\u201cAqu\u00ed confluyen las manos de cocineras y cocineros, artesanas, artesanos, artistas, productores; que demostrar\u00e1n los aromas, colores, talentos de la Mixteca oaxaque\u00f1a\u201d, expuso, al tiempo que invit\u00f3 a disfrutar de este festival que se llevar\u00e1 a cabo, tambi\u00e9n, en el recinto ferial de la Heroica Ciudad de Huajuapan de Le\u00f3n, este s\u00e1bado; en donde se presentar\u00e1, adem\u00e1s, la Guelaguetza \u201c\u00d1uu Savi\u201d.&nbsp;&nbsp;<\/p>\n\n\n\n<p>En la Plaza de la Danza se instalaron 25 locales gastron\u00f3micos y artesanales, adem\u00e1s, en esta inauguraci\u00f3n se present\u00f3 una muestra de la Guelaguetza \u201c\u00d1uu Savi\u201d, con la participaci\u00f3n de las delegaciones de Huajuapan de Le\u00f3n, Heroica Ciudad de Tlaxiaco y Santiago Juxtlahuaca.<\/p>\n\n\n\n<figure class=\"wp-block-embed is-type-rich is-provider-twitter wp-block-embed-twitter\"><div class=\"wp-block-embed__wrapper\">\n<div class=\"twitter-tweet\"><blockquote class=\"twitter-tweet\" data-lang=\"es\"><p lang=\"es\" dir=\"ltr\">Esta tarde en la Plaza de la Danza de la ciudad de Oaxaca, el gobernador <a href=\"https:\/\/twitter.com\/salomonj?ref_src=twsrc%5Etfw\">@salomonj<\/a> inaugur\u00f3 el Festival del Mole de Cadera. <br><br>Presentes, la titular de Turismo, <a href=\"https:\/\/twitter.com\/saymipinedav?ref_src=twsrc%5Etfw\">@saymipinedav<\/a>; la presidenta del <a href=\"https:\/\/twitter.com\/DIF_Oaxaca?ref_src=twsrc%5Etfw\">@DIF_Oaxaca<\/a>, <a href=\"https:\/\/twitter.com\/Irma_BolanosOax?ref_src=twsrc%5Etfw\">@Irma_BolanosOax<\/a>, y el presidente municipal de la capital, <a href=\"https:\/\/twitter.com\/raychagoya?ref_src=twsrc%5Etfw\">@raychagoya<\/a>,\u2026 <a href=\"https:\/\/t.co\/dnstIyEUV3\">pic.twitter.com\/dnstIyEUV3<\/a><\/p>&mdash; Zona Roja Oaxaca (@ZonaRoja_Oaxaca) <a href=\"https:\/\/twitter.com\/ZonaRoja_Oaxaca\/status\/1976744297161806103?ref_src=twsrc%5Etfw\">10 de octubre de 2025<\/a><\/blockquote><\/div>\n<\/div><\/figure>\n","protected":false},"excerpt":{"rendered":"<p>Redacci\u00f3n\/Zona Roja. Oaxaca, Oax., a 11 de octubre de 2025.- El mole de cadera \u201ces&hellip;<\/p>\n","protected":false},"author":2,"featured_media":85636,"comment_status":"closed","ping_status":"open","sticky":false,"template":"","format":"standard","meta":{"_lmt_disableupdate":"","_lmt_disable":"","_jetpack_memberships_contains_paid_content":false,"footnotes":""},"categories":[109,46],"tags":[939],"class_list":["post-85635","post","type-post","status-publish","format-standard","has-post-thumbnail","hentry","category-minuto-a-minuto","category-zona-blanca","tag-salomon-jara-cruz"],"jetpack_featured_media_url":"https:\/\/zonaroja.com.mx\/wp-content\/uploads\/2025\/10\/Salomon-Jara-mole-de-cadera.jpeg","jetpack_sharing_enabled":true,"_links":{"self":[{"href":"https:\/\/zonaroja.com.mx\/index.php?rest_route=\/wp\/v2\/posts\/85635","targetHints":{"allow":["GET"]}}],"collection":[{"href":"https:\/\/zonaroja.com.mx\/index.php?rest_route=\/wp\/v2\/posts"}],"about":[{"href":"https:\/\/zonaroja.com.mx\/index.php?rest_route=\/wp\/v2\/types\/post"}],"author":[{"embeddable":true,"href":"https:\/\/zonaroja.com.mx\/index.php?rest_route=\/wp\/v2\/users\/2"}],"replies":[{"embeddable":true,"href":"https:\/\/zonaroja.com.mx\/index.php?rest_route=%2Fwp%2Fv2%2Fcomments&post=85635"}],"version-history":[{"count":1,"href":"https:\/\/zonaroja.com.mx\/index.php?rest_route=\/wp\/v2\/posts\/85635\/revisions"}],"predecessor-version":[{"id":85637,"href":"https:\/\/zonaroja.com.mx\/index.php?rest_route=\/wp\/v2\/posts\/85635\/revisions\/85637"}],"wp:featuredmedia":[{"embeddable":true,"href":"https:\/\/zonaroja.com.mx\/index.php?rest_route=\/wp\/v2\/media\/85636"}],"wp:attachment":[{"href":"https:\/\/zonaroja.com.mx\/index.php?rest_route=%2Fwp%2Fv2%2Fmedia&parent=85635"}],"wp:term":[{"taxonomy":"category","embeddable":true,"href":"https:\/\/zonaroja.com.mx\/index.php?rest_route=%2Fwp%2Fv2%2Fcategories&post=85635"},{"taxonomy":"post_tag","embeddable":true,"href":"https:\/\/zonaroja.com.mx\/index.php?rest_route=%2Fwp%2Fv2%2Ftags&post=85635"}],"curies":[{"name":"wp","href":"https:\/\/api.w.org\/{rel}","templated":true}]}}