{"id":85638,"date":"2025-10-11T08:45:00","date_gmt":"2025-10-11T14:45:00","guid":{"rendered":"https:\/\/zonaroja.com.mx\/?p=85638"},"modified":"2025-10-11T06:45:06","modified_gmt":"2025-10-11T12:45:06","slug":"aprueba-el-ieepco-formatos-y-lineamientos-para-la-revocacion-de-mandato","status":"publish","type":"post","link":"https:\/\/zonaroja.com.mx\/?p=85638","title":{"rendered":"Aprueba el IEEPCO formatos y lineamientos para la Revocaci\u00f3n de Mandato"},"content":{"rendered":"\n<p>Redacci\u00f3n\/Zona Roja.<\/p>\n\n\n\n<p>Oaxaca, Oax., a 11 de octubre de 2025.- En sesi\u00f3n extraordinaria urgente, el Consejo General del Instituto Estatal Electoral y de Participaci\u00f3n Ciudadana de Oaxaca (IEEPCO) aprob\u00f3 este viernes dos lineamientos y sus respectivos anexos relacionados con el proceso de Revocaci\u00f3n de Mandato de la persona titular de la Gubernatura del Estado de Oaxaca, correspondiente al periodo constitucional 2022-2028.<\/p>\n\n\n\n<p>El primero de ellos corresponde a los Lineamientos para el proceso de solicitud de revocaci\u00f3n de mandato de la persona titular de la Gubernatura del Estado de Oaxaca, para el periodo constitucional mencionado.<\/p>\n\n\n\n<p>Este instrumento normativo incluye diversos apartados que tienen como prop\u00f3sito garantizar la certeza y la legalidad en el proceso de solicitud de revocaci\u00f3n de mandato.&nbsp;<\/p>\n\n\n\n<p>Entre los principales aspectos destacan: la solicitud de registro como persona promovente del proceso de revocaci\u00f3n de mandato, la recolecci\u00f3n de firmas de apoyo de la ciudadan\u00eda, la integraci\u00f3n de mesas de control y garant\u00eda de audiencia, as\u00ed como la presentaci\u00f3n formal de la solicitud de revocaci\u00f3n de mandato.<\/p>\n\n\n\n<p>El documento establece que el inicio del proceso de Revocaci\u00f3n de Mandato proceder\u00e1 \u00fanicamente a petici\u00f3n de la ciudadan\u00eda, a trav\u00e9s de las personas promoventes, quienes podr\u00e1n registrarse ante el IEEPCO del 11 al 31 de octubre de 2025.<\/p>\n\n\n\n<p>Los formatos se encuentran disponibles en la p\u00e1gina https:\/\/www.ieepco.org.mx\/revocacion-de-mandato<\/p>\n\n\n\n<p>Asimismo, se aprobaron los Lineamientos para la organizaci\u00f3n, desarrollo y vigilancia de los actos previos y del proceso de Revocaci\u00f3n de Mandato de la persona titular de la Gubernatura del Estado de Oaxaca, para el periodo constitucional 2022-2028.<\/p>\n\n\n\n<p>Estos lineamientos establecen las disposiciones que norman las actividades que el Instituto llevar\u00e1 a cabo en las diferentes etapas del proceso, con el objetivo de asegurar su desarrollo en condiciones de legalidad, transparencia y participaci\u00f3n ciudadana.<\/p>\n\n\n\n<p>A la sesi\u00f3n asistieron la consejera presidenta Elizabeth S\u00e1nchez Gonz\u00e1lez; las consejeras electorales Jessica Jazibe Hern\u00e1ndez Garc\u00eda, Zaira Alhel\u00ed Hip\u00f3lito L\u00f3pez, Ana Mar\u00eda M\u00e1rquez Andr\u00e9s y Gabriela Fernanda Espinoza Blancas; los consejeros electorales Alejandro Carrasco Sampedro y Manuel Cort\u00e9s Muriedas; la encargada de despacho de la Secretar\u00eda Ejecutiva, Luisa Rebeca Garza L\u00f3pez, as\u00ed como las representaciones de los partidos pol\u00edticos.<\/p>\n\n\n\n<figure class=\"wp-block-embed is-type-rich is-provider-twitter wp-block-embed-twitter\"><div class=\"wp-block-embed__wrapper\">\n<div class=\"twitter-tweet\"><blockquote class=\"twitter-tweet\" data-lang=\"es\"><p lang=\"es\" dir=\"ltr\">A punto de vencer el plazo, el <a href=\"https:\/\/twitter.com\/IEEPCO?ref_src=twsrc%5Etfw\">@IEEPCO<\/a> realiza esta noche una sesi\u00f3n extraordinaria para determinar los lineamientos que regir\u00e1n el proceso de Revocaci\u00f3n de Mandato del titular del Poder Ejecutivo de Oaxaca. <br><br>Aqu\u00ed la transmisi\u00f3n oficial: <br>\ud83d\udc47<a href=\"https:\/\/t.co\/cWdhnKUVYX\">https:\/\/t.co\/cWdhnKUVYX<\/a><\/p>&mdash; Zona Roja Oaxaca (@ZonaRoja_Oaxaca) <a href=\"https:\/\/twitter.com\/ZonaRoja_Oaxaca\/status\/1976858143331434647?ref_src=twsrc%5Etfw\">11 de octubre de 2025<\/a><\/blockquote><\/div>\n<\/div><\/figure>\n","protected":false},"excerpt":{"rendered":"<p>Redacci\u00f3n\/Zona Roja. Oaxaca, Oax., a 11 de octubre de 2025.- En sesi\u00f3n extraordinaria urgente, el&hellip;<\/p>\n","protected":false},"author":2,"featured_media":68124,"comment_status":"closed","ping_status":"open","sticky":false,"template":"","format":"standard","meta":{"_lmt_disableupdate":"","_lmt_disable":"","_jetpack_memberships_contains_paid_content":false,"footnotes":""},"categories":[109,46],"tags":[2932,4482],"class_list":["post-85638","post","type-post","status-publish","format-standard","has-post-thumbnail","hentry","category-minuto-a-minuto","category-zona-blanca","tag-instituto-estatal-electoral-y-de-participacion-ciudadana-de-oaxaca-ieepco","tag-proceso-de-revocacion-de-mandato"],"jetpack_featured_media_url":"https:\/\/zonaroja.com.mx\/wp-content\/uploads\/2024\/05\/IEEPCO-1.jpg","jetpack_sharing_enabled":true,"_links":{"self":[{"href":"https:\/\/zonaroja.com.mx\/index.php?rest_route=\/wp\/v2\/posts\/85638","targetHints":{"allow":["GET"]}}],"collection":[{"href":"https:\/\/zonaroja.com.mx\/index.php?rest_route=\/wp\/v2\/posts"}],"about":[{"href":"https:\/\/zonaroja.com.mx\/index.php?rest_route=\/wp\/v2\/types\/post"}],"author":[{"embeddable":true,"href":"https:\/\/zonaroja.com.mx\/index.php?rest_route=\/wp\/v2\/users\/2"}],"replies":[{"embeddable":true,"href":"https:\/\/zonaroja.com.mx\/index.php?rest_route=%2Fwp%2Fv2%2Fcomments&post=85638"}],"version-history":[{"count":1,"href":"https:\/\/zonaroja.com.mx\/index.php?rest_route=\/wp\/v2\/posts\/85638\/revisions"}],"predecessor-version":[{"id":85639,"href":"https:\/\/zonaroja.com.mx\/index.php?rest_route=\/wp\/v2\/posts\/85638\/revisions\/85639"}],"wp:featuredmedia":[{"embeddable":true,"href":"https:\/\/zonaroja.com.mx\/index.php?rest_route=\/wp\/v2\/media\/68124"}],"wp:attachment":[{"href":"https:\/\/zonaroja.com.mx\/index.php?rest_route=%2Fwp%2Fv2%2Fmedia&parent=85638"}],"wp:term":[{"taxonomy":"category","embeddable":true,"href":"https:\/\/zonaroja.com.mx\/index.php?rest_route=%2Fwp%2Fv2%2Fcategories&post=85638"},{"taxonomy":"post_tag","embeddable":true,"href":"https:\/\/zonaroja.com.mx\/index.php?rest_route=%2Fwp%2Fv2%2Ftags&post=85638"}],"curies":[{"name":"wp","href":"https:\/\/api.w.org\/{rel}","templated":true}]}}