{"id":85642,"date":"2025-10-11T10:45:00","date_gmt":"2025-10-11T16:45:00","guid":{"rendered":"https:\/\/zonaroja.com.mx\/?p=85642"},"modified":"2025-10-11T06:56:40","modified_gmt":"2025-10-11T12:56:40","slug":"eloxochitlan-espera-resolucion-a-favor-de-miguel-peralta-y-cancelacion-de-mas-de-200-ordenes","status":"publish","type":"post","link":"https:\/\/zonaroja.com.mx\/?p=85642","title":{"rendered":"Eloxochitl\u00e1n espera resoluci\u00f3n a favor de Miguel Peralta y cancelaci\u00f3n de m\u00e1s de 200 \u00f3rdenes"},"content":{"rendered":"\n<p>Lisbeth Mej\u00eda Reyes\/Zona Roja. Foto: Avispa Midia.<\/p>\n\n\n\n<p>Oaxaca, Oax., a 11 de octubre de 2025.- En espera de una resoluci\u00f3n que tendr\u00e1 que emitirse a m\u00e1s tardar en el \u00faltimo d\u00eda de noviembre de este a\u00f1o, la comunidad mazateca de Eloxochitl\u00e1n de Flores Mag\u00f3n exige al primer Tribunal Colegiado Penal de Oaxaca la libertad del defensor Miguel \u00c1ngel Peralta Betanzos, quien desde 2022 enfrenta una condena de 50 a\u00f1os de prisi\u00f3n.&nbsp;<\/p>\n\n\n\n<p>Esto a pesar de que en el 2019 hab\u00eda sido absuelto de las acusaciones de homicidio e intento de homicidio.<\/p>\n\n\n\n<p>Este viernes, durante la reuni\u00f3n con el Primer Tribunal Colegiado de Oaxaca, en San Bartolo Coyotepec, la familia y amigos del defensor se manifestaron para exigir su liberaci\u00f3n y que el fallo a favor del amparo 631\/2022, el \u00faltimo recurso de Miguel, se siente un precedente para la cancelaci\u00f3n de las m\u00e1s de 200 \u00f3rdenes de aprehensi\u00f3n que pesan sobre 56 personas de la comunidad.&nbsp;<\/p>\n\n\n\n<p>La defensa de Miguel y de las dem\u00e1s personas se\u00f1ala que la persecuci\u00f3n judicial es impulsada por el grupo caciquil de Manuel Zepeda y su hija, la diputada Elisa Zepeda, a quienes tambi\u00e9n acusan de lucrar con la extracci\u00f3n de piedra del r\u00edo \u201cXang\u00e1 Nd\u00e1 Ge\u201d.<\/p>\n\n\n\n<p>Araceli Olivos, abogada que lleva el caso de Miguel Peralta, explic\u00f3 que en esta reuni\u00f3n observaron la disposici\u00f3n de los tres magistrados (V\u00edctor Hugo Cort\u00e9s Sibaja, Jaciel Reyes Loaeza y Carlos Abel de los Santos) para escuchar a la defensa y a Miguel, quien se conect\u00f3 de manera virtual.&nbsp;<\/p>\n\n\n\n<p>Adem\u00e1s de que escucharon a la asamblea comunitaria, a las mujeres mazatecas por la libertad, a la familia de Miguel y su hermano, quien \u00abfue atacado por cacique Manuel Zepeda\u00bb (padre de la diputada Elisa).<\/p>\n\n\n\n<p>\u00abLo que les dijo Miguel fue muy contundente. \u00c9l quiere su libertad, \u00e9l quiere el amparo, que este tribunal ya resuelva darle el amparo liso y llano que representar\u00eda su libertad, no regresar a Huautla\u00bb, apunt\u00f3 la abogada sobre uno de los casos de persecuci\u00f3n pol\u00edtica que enfrenta la comunidad por defenderse y proteger a su r\u00edo: el \u201cXang\u00e1 Nd\u00e1 Ge\u201d.<\/p>\n\n\n\n<p>La reuni\u00f3n en los juzgados federales y la manifestaci\u00f3n se dieron a un d\u00eda de que el diversas organizaciones y comunidades ind\u00edgenas del pa\u00eds se instalaron en plant\u00f3n a las afueras de la Suprema Corte de Justicia de la Naci\u00f3n, en Ciudad de M\u00e9xico, para exigir una mesa de di\u00e1logo con el ministro presidente, el oaxaque\u00f1o Hugo Aguilar.&nbsp;<\/p>\n\n\n\n<p>El plant\u00f3n es tambi\u00e9n para exigir el respeto a la libre determinaci\u00f3n de pueblos originarios como los de Oaxaca, Michoac\u00e1n y Sonora, y para que cesen las persecuciones en su contra, para poner un alto a la criminalizaci\u00f3n y al saqueo de sus recursos.<\/p>\n","protected":false},"excerpt":{"rendered":"<p>Lisbeth Mej\u00eda Reyes\/Zona Roja. Foto: Avispa Midia. Oaxaca, Oax., a 11 de octubre de 2025.-&hellip;<\/p>\n","protected":false},"author":2,"featured_media":85646,"comment_status":"closed","ping_status":"open","sticky":false,"template":"","format":"standard","meta":{"_lmt_disableupdate":"","_lmt_disable":"","_jetpack_memberships_contains_paid_content":false,"footnotes":""},"categories":[109,46,47],"tags":[719],"class_list":["post-85642","post","type-post","status-publish","format-standard","has-post-thumbnail","hentry","category-minuto-a-minuto","category-zona-blanca","category-zona-gris","tag-eloxochitlan-de-flores-magon"],"jetpack_featured_media_url":"https:\/\/zonaroja.com.mx\/wp-content\/uploads\/2025\/10\/Eloxochitlan-Miguel-Peralda.jpeg","jetpack_sharing_enabled":true,"_links":{"self":[{"href":"https:\/\/zonaroja.com.mx\/index.php?rest_route=\/wp\/v2\/posts\/85642","targetHints":{"allow":["GET"]}}],"collection":[{"href":"https:\/\/zonaroja.com.mx\/index.php?rest_route=\/wp\/v2\/posts"}],"about":[{"href":"https:\/\/zonaroja.com.mx\/index.php?rest_route=\/wp\/v2\/types\/post"}],"author":[{"embeddable":true,"href":"https:\/\/zonaroja.com.mx\/index.php?rest_route=\/wp\/v2\/users\/2"}],"replies":[{"embeddable":true,"href":"https:\/\/zonaroja.com.mx\/index.php?rest_route=%2Fwp%2Fv2%2Fcomments&post=85642"}],"version-history":[{"count":1,"href":"https:\/\/zonaroja.com.mx\/index.php?rest_route=\/wp\/v2\/posts\/85642\/revisions"}],"predecessor-version":[{"id":85647,"href":"https:\/\/zonaroja.com.mx\/index.php?rest_route=\/wp\/v2\/posts\/85642\/revisions\/85647"}],"wp:featuredmedia":[{"embeddable":true,"href":"https:\/\/zonaroja.com.mx\/index.php?rest_route=\/wp\/v2\/media\/85646"}],"wp:attachment":[{"href":"https:\/\/zonaroja.com.mx\/index.php?rest_route=%2Fwp%2Fv2%2Fmedia&parent=85642"}],"wp:term":[{"taxonomy":"category","embeddable":true,"href":"https:\/\/zonaroja.com.mx\/index.php?rest_route=%2Fwp%2Fv2%2Fcategories&post=85642"},{"taxonomy":"post_tag","embeddable":true,"href":"https:\/\/zonaroja.com.mx\/index.php?rest_route=%2Fwp%2Fv2%2Ftags&post=85642"}],"curies":[{"name":"wp","href":"https:\/\/api.w.org\/{rel}","templated":true}]}}