{"id":85648,"date":"2025-10-11T11:46:00","date_gmt":"2025-10-11T17:46:00","guid":{"rendered":"https:\/\/zonaroja.com.mx\/?p=85648"},"modified":"2025-10-11T07:47:38","modified_gmt":"2025-10-11T13:47:38","slug":"la-seccion-22-va-de-nuevo-con-sus-paros-marchas-y-plantones","status":"publish","type":"post","link":"https:\/\/zonaroja.com.mx\/?p=85648","title":{"rendered":"La Secci\u00f3n 22 va de nuevo con sus paros, marchas y \u201cplantones\u201d"},"content":{"rendered":"\n<p>Ismael Garc\u00eda M.\/Zona Roja.<\/p>\n\n\n\n<p>Oaxaca, Oax., a 11 de octubre de 2025.- Por tercera semana consecutiva, el magisterio oaxaque\u00f1o efectuar\u00e1 movilizaciones en Oaxaca.<\/p>\n\n\n\n<p>Anoche, el comit\u00e9 ejecutivo de la Secci\u00f3n 22 emiti\u00f3 su convocatoria para el paro de labores generalizado por 24 horas, el viernes 17 de octubre.<\/p>\n\n\n\n<p>Ello \u201ccomo parte de la ruta de lucha en defensa de los derechos laborales, la educaci\u00f3n p\u00fablica y las conquistas hist\u00f3ricas del magisterio oaxaque\u00f1o\u201d.<\/p>\n\n\n\n<p>Las demandas que retoma es la reinstalaci\u00f3n de la mesa de trabajo con la Presidenta de M\u00e9xico, Claudia Sheinbaum, para analizar de nuevo la derogaci\u00f3n de la Ley del ISSSTE y de reformas a la Ley de Educaci\u00f3n del 2015.<\/p>\n\n\n\n<p>Para ello, tiene previsto \u201ctoma\u201d de casetas de peaje en el estado, as\u00ed como de tiendas trasnacionales, adem\u00e1s de las instalaciones de Petr\u00f3leos Mexicanos y de televisoras y radiodifusoras.<\/p>\n\n\n\n<p>De la misma manera, bloqueo de las principales carreteras en la entidad y de oficinas del Gobierno del Estado.<\/p>\n\n\n\n<p>Previo a ello, los d\u00edas 13 y 14 de octubre, el nivel de Pueblos Originarios de Oaxaca efectuar\u00e1 una serie de movilizaciones, entre ellas paro de labores por 48 horas y una marcha masiva del sector.<\/p>\n\n\n\n<p>Lo anterior para reiterar su exigencia que dicho nivel sea reconocido formalmente por las autoridades educativas estatal y federal.<\/p>\n\n\n\n<p>Por otra parte, el cuerpo de inspectores y jefes de sector, que encabeza Erangelio Mendoza Gonz\u00e1lez, y los jubilados, prev\u00e9n tambi\u00e9n retomar sus protestas a partir del pr\u00f3ximo lunes.<\/p>\n","protected":false},"excerpt":{"rendered":"<p>Ismael Garc\u00eda M.\/Zona Roja. Oaxaca, Oax., a 11 de octubre de 2025.- Por tercera semana&hellip;<\/p>\n","protected":false},"author":2,"featured_media":85649,"comment_status":"closed","ping_status":"open","sticky":false,"template":"","format":"standard","meta":{"_lmt_disableupdate":"","_lmt_disable":"","_jetpack_memberships_contains_paid_content":false,"footnotes":""},"categories":[109,47],"tags":[312],"class_list":["post-85648","post","type-post","status-publish","format-standard","has-post-thumbnail","hentry","category-minuto-a-minuto","category-zona-gris","tag-seccion-22-del-snte"],"jetpack_featured_media_url":"https:\/\/zonaroja.com.mx\/wp-content\/uploads\/2025\/10\/Convocatorias-protestas-Seccion-22.jpg","jetpack_sharing_enabled":true,"_links":{"self":[{"href":"https:\/\/zonaroja.com.mx\/index.php?rest_route=\/wp\/v2\/posts\/85648","targetHints":{"allow":["GET"]}}],"collection":[{"href":"https:\/\/zonaroja.com.mx\/index.php?rest_route=\/wp\/v2\/posts"}],"about":[{"href":"https:\/\/zonaroja.com.mx\/index.php?rest_route=\/wp\/v2\/types\/post"}],"author":[{"embeddable":true,"href":"https:\/\/zonaroja.com.mx\/index.php?rest_route=\/wp\/v2\/users\/2"}],"replies":[{"embeddable":true,"href":"https:\/\/zonaroja.com.mx\/index.php?rest_route=%2Fwp%2Fv2%2Fcomments&post=85648"}],"version-history":[{"count":1,"href":"https:\/\/zonaroja.com.mx\/index.php?rest_route=\/wp\/v2\/posts\/85648\/revisions"}],"predecessor-version":[{"id":85650,"href":"https:\/\/zonaroja.com.mx\/index.php?rest_route=\/wp\/v2\/posts\/85648\/revisions\/85650"}],"wp:featuredmedia":[{"embeddable":true,"href":"https:\/\/zonaroja.com.mx\/index.php?rest_route=\/wp\/v2\/media\/85649"}],"wp:attachment":[{"href":"https:\/\/zonaroja.com.mx\/index.php?rest_route=%2Fwp%2Fv2%2Fmedia&parent=85648"}],"wp:term":[{"taxonomy":"category","embeddable":true,"href":"https:\/\/zonaroja.com.mx\/index.php?rest_route=%2Fwp%2Fv2%2Fcategories&post=85648"},{"taxonomy":"post_tag","embeddable":true,"href":"https:\/\/zonaroja.com.mx\/index.php?rest_route=%2Fwp%2Fv2%2Ftags&post=85648"}],"curies":[{"name":"wp","href":"https:\/\/api.w.org\/{rel}","templated":true}]}}