{"id":85651,"date":"2025-10-11T12:47:00","date_gmt":"2025-10-11T18:47:00","guid":{"rendered":"https:\/\/zonaroja.com.mx\/?p=85651"},"modified":"2025-10-11T07:56:43","modified_gmt":"2025-10-11T13:56:43","slug":"convoca-ray-chagoya-a-preservar-legado-culinario-y-cultural","status":"publish","type":"post","link":"https:\/\/zonaroja.com.mx\/?p=85651","title":{"rendered":"Convoca Ray Chagoya a preservar legado culinario y cultural"},"content":{"rendered":"\n<p>Redacci\u00f3n\/Zona Roja.<\/p>\n\n\n\n<p>Oaxaca, Oax., a 11 de octubre de 2025.\u2013 Al participar en la inauguraci\u00f3n del Festival del Mole de Cadera, el presidente municipal de Oaxaca de Ju\u00e1rez, Raymundo Chagoya Villanueva, destac\u00f3 la importancia de preservar y promover las tradiciones que dan identidad a las comunidades oaxaque\u00f1as.<\/p>\n\n\n\n<p>Esta fiesta culinaria inici\u00f3 ayer y se realiza en la Plaza de la Danza, un espacio que nuevamente reuni\u00f3 a las y los oaxaque\u00f1os en torno a sus ra\u00edces gastron\u00f3micas y culturales.<\/p>\n\n\n\n<p>Ante el gobernador Salom\u00f3n Jara Cruz y dem\u00e1s invitados, reafirm\u00f3 que este festival es tambi\u00e9n una oportunidad para fortalecer el turismo, la econom\u00eda local y el trabajo conjunto entre municipios, cocineras tradicionales y el sector restaurantero.<\/p>\n\n\n\n<p>En su mensaje, Ray Chagoya expres\u00f3 que para el gobierno municipal de Oaxaca de Ju\u00e1rez, estas celebraciones reflejan la visi\u00f3n de una ciudad limpia, segura y ordenada, donde la cultura florece gracias al esfuerzo colectivo y la colaboraci\u00f3n entre los diferentes niveles de gobierno.<\/p>\n\n\n\n<p>El evento cont\u00f3 con la presencia de representantes del sector tur\u00edstico y cultural del estado, quienes coincidieron en que Oaxaca de Ju\u00e1rez contin\u00faa consolid\u00e1ndose como la capital cultural y gastron\u00f3mica de la entidad.<\/p>\n\n\n\n<p>El Festival del Mole de Caderas 2025, que se desarrollar\u00e1 en la capital durante todo el fin de semana, re\u00fane a cocineras y cocineros tradicionales, autoridades y visitantes que celebraron la fuerza de la Mixteca oaxaque\u00f1a, convirtiendo una vez m\u00e1s a la Plaza de la Danza en s\u00edmbolo del orgullo que une a todas las regiones de Oaxaca.<\/p>\n","protected":false},"excerpt":{"rendered":"<p>Redacci\u00f3n\/Zona Roja. Oaxaca, Oax., a 11 de octubre de 2025.\u2013 Al participar en la inauguraci\u00f3n&hellip;<\/p>\n","protected":false},"author":2,"featured_media":85654,"comment_status":"closed","ping_status":"open","sticky":false,"template":"","format":"standard","meta":{"_lmt_disableupdate":"","_lmt_disable":"","_jetpack_memberships_contains_paid_content":false,"footnotes":""},"categories":[109,46],"tags":[4403],"class_list":["post-85651","post","type-post","status-publish","format-standard","has-post-thumbnail","hentry","category-minuto-a-minuto","category-zona-blanca","tag-ray-chagoya"],"jetpack_featured_media_url":"https:\/\/zonaroja.com.mx\/wp-content\/uploads\/2025\/10\/Ray-Chagoya-festival-mole-de-cadera.jpeg","jetpack_sharing_enabled":true,"_links":{"self":[{"href":"https:\/\/zonaroja.com.mx\/index.php?rest_route=\/wp\/v2\/posts\/85651","targetHints":{"allow":["GET"]}}],"collection":[{"href":"https:\/\/zonaroja.com.mx\/index.php?rest_route=\/wp\/v2\/posts"}],"about":[{"href":"https:\/\/zonaroja.com.mx\/index.php?rest_route=\/wp\/v2\/types\/post"}],"author":[{"embeddable":true,"href":"https:\/\/zonaroja.com.mx\/index.php?rest_route=\/wp\/v2\/users\/2"}],"replies":[{"embeddable":true,"href":"https:\/\/zonaroja.com.mx\/index.php?rest_route=%2Fwp%2Fv2%2Fcomments&post=85651"}],"version-history":[{"count":1,"href":"https:\/\/zonaroja.com.mx\/index.php?rest_route=\/wp\/v2\/posts\/85651\/revisions"}],"predecessor-version":[{"id":85655,"href":"https:\/\/zonaroja.com.mx\/index.php?rest_route=\/wp\/v2\/posts\/85651\/revisions\/85655"}],"wp:featuredmedia":[{"embeddable":true,"href":"https:\/\/zonaroja.com.mx\/index.php?rest_route=\/wp\/v2\/media\/85654"}],"wp:attachment":[{"href":"https:\/\/zonaroja.com.mx\/index.php?rest_route=%2Fwp%2Fv2%2Fmedia&parent=85651"}],"wp:term":[{"taxonomy":"category","embeddable":true,"href":"https:\/\/zonaroja.com.mx\/index.php?rest_route=%2Fwp%2Fv2%2Fcategories&post=85651"},{"taxonomy":"post_tag","embeddable":true,"href":"https:\/\/zonaroja.com.mx\/index.php?rest_route=%2Fwp%2Fv2%2Ftags&post=85651"}],"curies":[{"name":"wp","href":"https:\/\/api.w.org\/{rel}","templated":true}]}}