{"id":85656,"date":"2025-10-11T13:00:00","date_gmt":"2025-10-11T19:00:00","guid":{"rendered":"https:\/\/zonaroja.com.mx\/?p=85656"},"modified":"2025-10-11T08:00:13","modified_gmt":"2025-10-11T14:00:13","slug":"otra-de-la-familia-monreal-hija-en-exclusivo-fashion-week-en-paris","status":"publish","type":"post","link":"https:\/\/zonaroja.com.mx\/?p=85656","title":{"rendered":"Otra de la familia Monreal: hija en exclusivo Fashion Week en Par\u00eds"},"content":{"rendered":"\n<p>Redacci\u00f3n\/Zona Roja Cdmx.<\/p>\n\n\n\n<p>(Informaci\u00f3n de \u201cEl Financiero\u201d)<\/p>\n\n\n\n<p>Ciudad de M\u00e9xico, a 10 de octubre de 2025.- La familia Monreal enfrenta una nueva pol\u00e9mica, ahora protagonizada por Mar\u00eda Monreal, hija del coordinador de Morena en la C\u00e1mara de Diputados, quien fue captada en la Fashion Week de Par\u00eds.<\/p>\n\n\n\n<p>Este evento es conocido por su exclusividad y glamour, por lo que ha desatado cr\u00edticas y cuestionamientos sobre el estilo de vida de la familia Monreal en contraste con el discurso de austeridad promovido por Morena.<\/p>\n\n\n\n<p>A pesar de ser parte de una familia con notable presencia en la pol\u00edtica, Mar\u00eda ha optado por mantenerse alejada de la vida p\u00fablica.<\/p>\n\n\n\n<p>Mar\u00eda es la hija menor de Ricardo Monreal y de Mar\u00eda de Jes\u00fas Guardado, su esposa. Aunque se desconoce su edad exacta, es una de las dos hijas de la pareja, junto a Edna Catalina Monreal P\u00e9rez.<\/p>\n\n\n\n<p>La familia de Mar\u00eda Monreal es originaria de Fresnillo, Zacatecas, y est\u00e1 involucrada en diversas actividades pol\u00edticas y sociales.<\/p>\n\n\n\n<p>Mar\u00eda Monreal P\u00e9rez tiene estudios en la Universidad Aut\u00f3noma de Guadalajara, donde se gradu\u00f3 en Arquitectura.<\/p>\n\n\n\n<p>Su formaci\u00f3n acad\u00e9mica la ha llevado a emprender proyectos empresariales, destac\u00e1ndose como empresaria en el sector restaurantero, donde posee dos restaurantes en M\u00e9xico.<\/p>\n\n\n\n<p>Se ha reportado que ha participado en algunos eventos de campa\u00f1a de Ricardo Monreal, pero su inter\u00e9s principal parece estar alejado de la pol\u00edtica.<\/p>\n\n\n\n<p>Mar\u00eda Monreal P\u00e9rez asisti\u00f3 a la Fashion Week de Par\u00eds 2025 como parte de un exclusivo grupo de clientas VIP de una reconocida marca de lujo internacional.<\/p>\n\n\n\n<p>Este hecho no pas\u00f3 desapercibido, ya que su presencia en un evento de tal magnitud reaviv\u00f3 el debate sobre la congruencia del discurso de austeridad promovido por su padre y Morena.<\/p>\n\n\n\n<p>Se reporta que la joven se hosped\u00f3 en el hotel Sofitel Le Faubourg, cuyo costo por noche asciende a aproximadamente 22 mil pesos, lo que ha generado cr\u00edticas en torno al contraste entre su estilo de vida y la filosof\u00eda del partido.<\/p>\n\n\n\n<p>La participaci\u00f3n de Mar\u00eda Monreal en la Fashion Week desencaden\u00f3 cr\u00edticas en redes sociales.<\/p>\n\n\n\n<p>Usuarios y figuras pol\u00edticas cuestionaron la coherencia entre el discurso oficial de austeridad republicana que promueve Morena y el estilo de vida de los familiares de algunos de sus representantes.<\/p>\n\n\n\n<p>La Fashion Week de Par\u00eds es el evento m\u00e1s importante de la industria de la moda a nivel mundial.<\/p>\n\n\n\n<p>Se lleva a cabo dos veces al a\u00f1o y presenta las colecciones de las casas de moda m\u00e1s prestigiosas, como Dior, Chanel, Louis Vuitton, Balmain y Herm\u00e8s.<\/p>\n\n\n\n<p>Este evento no solo es una plataforma para exhibir tendencias, sino que tambi\u00e9n atrae a celebridades, influencers y figuras de alto perfil, generando un gran inter\u00e9s medi\u00e1tico y social.<\/p>\n\n\n\n<p>La asistencia de Mar\u00eda Monreal al evento se suma a una serie de cr\u00edticas dirigidas hacia el partido, que han surgido en contextos donde varios legisladores han sido se\u00f1alados por comportamientos similares, uno de ellos Gerardo Fern\u00e1ndez Noro\u00f1a y su vuelo en un avi\u00f3n privado.<\/p>\n","protected":false},"excerpt":{"rendered":"<p>Redacci\u00f3n\/Zona Roja Cdmx. (Informaci\u00f3n de \u201cEl Financiero\u201d) Ciudad de M\u00e9xico, a 10 de octubre de&hellip;<\/p>\n","protected":false},"author":2,"featured_media":85657,"comment_status":"closed","ping_status":"open","sticky":false,"template":"","format":"standard","meta":{"_lmt_disableupdate":"","_lmt_disable":"","_jetpack_memberships_contains_paid_content":false,"footnotes":""},"categories":[109,47],"tags":[583],"class_list":["post-85656","post","type-post","status-publish","format-standard","has-post-thumbnail","hentry","category-minuto-a-minuto","category-zona-gris","tag-ricardo-monreal"],"jetpack_featured_media_url":"https:\/\/zonaroja.com.mx\/wp-content\/uploads\/2025\/10\/Hija-de-Monreal-Maria-Paris.jpg","jetpack_sharing_enabled":true,"_links":{"self":[{"href":"https:\/\/zonaroja.com.mx\/index.php?rest_route=\/wp\/v2\/posts\/85656","targetHints":{"allow":["GET"]}}],"collection":[{"href":"https:\/\/zonaroja.com.mx\/index.php?rest_route=\/wp\/v2\/posts"}],"about":[{"href":"https:\/\/zonaroja.com.mx\/index.php?rest_route=\/wp\/v2\/types\/post"}],"author":[{"embeddable":true,"href":"https:\/\/zonaroja.com.mx\/index.php?rest_route=\/wp\/v2\/users\/2"}],"replies":[{"embeddable":true,"href":"https:\/\/zonaroja.com.mx\/index.php?rest_route=%2Fwp%2Fv2%2Fcomments&post=85656"}],"version-history":[{"count":1,"href":"https:\/\/zonaroja.com.mx\/index.php?rest_route=\/wp\/v2\/posts\/85656\/revisions"}],"predecessor-version":[{"id":85658,"href":"https:\/\/zonaroja.com.mx\/index.php?rest_route=\/wp\/v2\/posts\/85656\/revisions\/85658"}],"wp:featuredmedia":[{"embeddable":true,"href":"https:\/\/zonaroja.com.mx\/index.php?rest_route=\/wp\/v2\/media\/85657"}],"wp:attachment":[{"href":"https:\/\/zonaroja.com.mx\/index.php?rest_route=%2Fwp%2Fv2%2Fmedia&parent=85656"}],"wp:term":[{"taxonomy":"category","embeddable":true,"href":"https:\/\/zonaroja.com.mx\/index.php?rest_route=%2Fwp%2Fv2%2Fcategories&post=85656"},{"taxonomy":"post_tag","embeddable":true,"href":"https:\/\/zonaroja.com.mx\/index.php?rest_route=%2Fwp%2Fv2%2Ftags&post=85656"}],"curies":[{"name":"wp","href":"https:\/\/api.w.org\/{rel}","templated":true}]}}