{"id":85659,"date":"2025-10-11T14:05:00","date_gmt":"2025-10-11T20:05:00","guid":{"rendered":"https:\/\/zonaroja.com.mx\/?p=85659"},"modified":"2025-10-11T08:06:39","modified_gmt":"2025-10-11T14:06:39","slug":"con-exposicion-de-serpientes-oaxaca-vivira-la-novena-noche-de-bibliotecas","status":"publish","type":"post","link":"https:\/\/zonaroja.com.mx\/?p=85659","title":{"rendered":"Con exposici\u00f3n de serpientes, Oaxaca vivir\u00e1 la novena Noche de Bibliotecas\u00a0"},"content":{"rendered":"\n<p>Lisbeth Mej\u00eda Reyes\/Zona Roja.<\/p>\n\n\n\n<p>Oaxaca, Oax., a 11 de octubre de 2025.- Con una exposici\u00f3n de serpientes, la exhibici\u00f3n de orqu\u00eddeas nativas de Tlahuitoltepec, entre otras actividades, la ciudad de Oaxaca vivir\u00e1 la novena Noche de Bibliotecas, un programa anual con el que se busca acercar a todos los p\u00fablicos a la oferta de las bibliotecas y otras unidades de informaci\u00f3n.<\/p>\n\n\n\n<p>En esta ocasi\u00f3n son 20 las actividades a desarrollar en la jornada que iniciar\u00e1 a las 16:00 horas y concluir\u00e1 a las 20:00, en la Biblioteca P\u00fablica Central Margarita Maza, en el centro de la ciudad.<\/p>\n\n\n\n<p>La edici\u00f3n tiene como tema la \u00abBiodiversidad y Multiculturalismo en Oaxaca\u00bb, mediante el que se \u00abbusca destacar la riqueza natural y cultural de la entidad a trav\u00e9s de sus acervos documentales y actividades interactivas\u00bb.<\/p>\n\n\n\n<p>Namibia Rivera, de la Biblioteca del Instituto de Investigaciones Est\u00e9ticas de la Universidad Nacional Aut\u00f3noma de M\u00e9xico (UNAM) y Omar L\u00f3pez, de la Biblioteca de Investigaci\u00f3n Juan de C\u00f3rdova, de la Fundaci\u00f3n Alfredo Harp Hel\u00fa, explicaron que la programaci\u00f3n es apta para toda la familia y sin costo alguno.<\/p>\n\n\n\n<p>\u00abEs un espacio en el que todos cabemos y podemos encontrar con qu\u00e9 relacionarnos y ser felices, que tambi\u00e9n es el papel de las bibliotecas\u00bb, expres\u00f3 Rivera sobre esta actividad que se realiza cada a\u00f1o en torno al D\u00eda de la y el bibliotecario oaxaque\u00f1o (que se celebra el 28 de octubre).<\/p>\n\n\n\n<p>La Noche de Bibliotecas es tambi\u00e9n una manera en que este tipo de recintos diversifican su funci\u00f3n y oferta, m\u00e1s all\u00e1 de la consulta de libros, que siguen siendo importantes para estudiantes, investigadores y todos los p\u00fablicos.<\/p>\n\n\n\n<p>CONTEXTO DIGITAL<\/p>\n\n\n\n<p>Aunque el p\u00fablico principal es el escolar y existe una gran facilidad para buscar informaci\u00f3n en internet, las bibliotecas han ampliado su alcance y siguen vigentes en Oaxaca, se\u00f1alan Rivera y L\u00f3pez, como representantes de dos de las bibliotecas que integran la Red de Unidades de Informaci\u00f3n de Oaxaca (RUIO). Por eso la importancia de programas como la Noche de Bibliotecas, que fomentan el acercamiento de las personas para conocer las bibliotecas y otros recintos similares en la entidad.<\/p>\n\n\n\n<p>\u00abAunque parezca extra\u00f1o, las bibliotecas seguimos teniendo p\u00fablico\u00bb, apunta Omar L\u00f3pez, de la Biblioteca de Investigaci\u00f3n Juan de C\u00f3rdova, pues hay recintos como este que recibe miles de usuarios al a\u00f1o, entre infantes, adultos mayores, profesionistas y otros.<\/p>\n\n\n\n<p>Los detalles de la Noche de Bibliotecas y otras actividades de la RUIO se pueden consultar en las siguientes redes sociales:<\/p>\n\n\n\n<p>Facebook: Red de Unidades de Informaci\u00f3n de Oaxaca &#8211; RUIO<\/p>\n\n\n\n<p>Twitter: @RuiOaxaca<\/p>\n\n\n\n<p>Instagram: @udisoaxaca<\/p>\n\n\n\n<p>Blog: <a href=\"http:\/\/udisoaxaca.wordpress.com\">udisoaxaca.wordpress.com<\/a><\/p>\n","protected":false},"excerpt":{"rendered":"<p>Lisbeth Mej\u00eda Reyes\/Zona Roja. Oaxaca, Oax., a 11 de octubre de 2025.- Con una exposici\u00f3n&hellip;<\/p>\n","protected":false},"author":2,"featured_media":85653,"comment_status":"closed","ping_status":"open","sticky":false,"template":"","format":"standard","meta":{"_lmt_disableupdate":"","_lmt_disable":"","_jetpack_memberships_contains_paid_content":false,"footnotes":""},"categories":[109,46],"tags":[],"class_list":["post-85659","post","type-post","status-publish","format-standard","has-post-thumbnail","hentry","category-minuto-a-minuto","category-zona-blanca"],"jetpack_featured_media_url":"https:\/\/zonaroja.com.mx\/wp-content\/uploads\/2025\/10\/Noche-de-bibliotecas-Oaxaca.jpg","jetpack_sharing_enabled":true,"_links":{"self":[{"href":"https:\/\/zonaroja.com.mx\/index.php?rest_route=\/wp\/v2\/posts\/85659","targetHints":{"allow":["GET"]}}],"collection":[{"href":"https:\/\/zonaroja.com.mx\/index.php?rest_route=\/wp\/v2\/posts"}],"about":[{"href":"https:\/\/zonaroja.com.mx\/index.php?rest_route=\/wp\/v2\/types\/post"}],"author":[{"embeddable":true,"href":"https:\/\/zonaroja.com.mx\/index.php?rest_route=\/wp\/v2\/users\/2"}],"replies":[{"embeddable":true,"href":"https:\/\/zonaroja.com.mx\/index.php?rest_route=%2Fwp%2Fv2%2Fcomments&post=85659"}],"version-history":[{"count":1,"href":"https:\/\/zonaroja.com.mx\/index.php?rest_route=\/wp\/v2\/posts\/85659\/revisions"}],"predecessor-version":[{"id":85660,"href":"https:\/\/zonaroja.com.mx\/index.php?rest_route=\/wp\/v2\/posts\/85659\/revisions\/85660"}],"wp:featuredmedia":[{"embeddable":true,"href":"https:\/\/zonaroja.com.mx\/index.php?rest_route=\/wp\/v2\/media\/85653"}],"wp:attachment":[{"href":"https:\/\/zonaroja.com.mx\/index.php?rest_route=%2Fwp%2Fv2%2Fmedia&parent=85659"}],"wp:term":[{"taxonomy":"category","embeddable":true,"href":"https:\/\/zonaroja.com.mx\/index.php?rest_route=%2Fwp%2Fv2%2Fcategories&post=85659"},{"taxonomy":"post_tag","embeddable":true,"href":"https:\/\/zonaroja.com.mx\/index.php?rest_route=%2Fwp%2Fv2%2Ftags&post=85659"}],"curies":[{"name":"wp","href":"https:\/\/api.w.org\/{rel}","templated":true}]}}