{"id":85661,"date":"2025-10-11T11:19:00","date_gmt":"2025-10-11T17:19:00","guid":{"rendered":"https:\/\/zonaroja.com.mx\/?p=85661"},"modified":"2025-10-11T08:21:34","modified_gmt":"2025-10-11T14:21:34","slug":"detienen-a-ladron-de-celulares-en-mercado-de-abasto-de-oaxaca","status":"publish","type":"post","link":"https:\/\/zonaroja.com.mx\/?p=85661","title":{"rendered":"Detienen a ladr\u00f3n de celulares en Mercado de Abasto de Oaxaca"},"content":{"rendered":"\n<p>Raymundo Morales\/Zona Roja.<\/p>\n\n\n\n<p>Oaxaca, Oax., a 11 de octubre de 2025.- Luego que se volviera viral en redes sociales un video en que comete un il\u00edcito, un sujeto identificado como Juan Eduardo R. R., fue detenido por polic\u00edas y agentes de investigaci\u00f3n.<\/p>\n\n\n\n<p>Seg\u00fan se difundi\u00f3 en d\u00edas pasados, el individuo brinc\u00f3 al costado de un autob\u00fas de pasajeros, que circulaba en el Perif\u00e9rico de la ciudad de Oaxaca, cerca de la Central de Abasto, y arrebat\u00f3 un celular a un usuario.<\/p>\n\n\n\n<p>Tras ello, se retir\u00f3 tranquilamente y cruz\u00f3 la vialidad; luego camin\u00f3 en inmediaciones de la zona, sin que fuera molestado.<\/p>\n\n\n\n<p>El mando operativo de la zona metropolitana, que encabeza la Fiscal\u00eda General del Estado de Oaxaca, se activ\u00f3 de inmediato y luego de la b\u00fasqueda, detuvo al individuo quien es identificado tambi\u00e9n como \u201cEl Condorito\u201d.<\/p>\n\n\n\n<p>Hasta el momento no hay informaci\u00f3n oficial al respecto pero se presume que ha cometido otros delitos y es investigado tambi\u00e9n por homicidio.<\/p>\n\n\n\n<figure class=\"wp-block-embed is-type-rich is-provider-twitter wp-block-embed-twitter\"><div class=\"wp-block-embed__wrapper\">\n<div class=\"twitter-tweet\"><blockquote class=\"twitter-tweet\" data-lang=\"es\"><p lang=\"es\" dir=\"ltr\">\u00a1Qu\u00e9 lo busquen y lo atrapen!<br><br>As\u00ed fue captado este presunto asaltante contra una persona usuaria de un cami\u00f3n de transporte de pasajeros en la ciudad de Oaxaca. <br><br>Y luego se fue caminando tranquilamente\u2026 <a href=\"https:\/\/t.co\/fVPIC7C0zK\">pic.twitter.com\/fVPIC7C0zK<\/a><\/p>&mdash; Zona Roja Oaxaca (@ZonaRoja_Oaxaca) <a href=\"https:\/\/twitter.com\/ZonaRoja_Oaxaca\/status\/1976477047380902097?ref_src=twsrc%5Etfw\">10 de octubre de 2025<\/a><\/blockquote><\/div>\n<\/div><\/figure>\n","protected":false},"excerpt":{"rendered":"<p>Raymundo Morales\/Zona Roja. Oaxaca, Oax., a 11 de octubre de 2025.- Luego que se volviera&hellip;<\/p>\n","protected":false},"author":2,"featured_media":85662,"comment_status":"closed","ping_status":"open","sticky":false,"template":"","format":"standard","meta":{"_lmt_disableupdate":"","_lmt_disable":"","_jetpack_memberships_contains_paid_content":false,"footnotes":""},"categories":[109,47],"tags":[148],"class_list":["post-85661","post","type-post","status-publish","format-standard","has-post-thumbnail","hentry","category-minuto-a-minuto","category-zona-gris","tag-oaxaca-de-juarez"],"jetpack_featured_media_url":"https:\/\/zonaroja.com.mx\/wp-content\/uploads\/2025\/10\/Juan-Eduardo-R-R-ladron-ciudad-de-Oaxaca.jpg","jetpack_sharing_enabled":true,"_links":{"self":[{"href":"https:\/\/zonaroja.com.mx\/index.php?rest_route=\/wp\/v2\/posts\/85661","targetHints":{"allow":["GET"]}}],"collection":[{"href":"https:\/\/zonaroja.com.mx\/index.php?rest_route=\/wp\/v2\/posts"}],"about":[{"href":"https:\/\/zonaroja.com.mx\/index.php?rest_route=\/wp\/v2\/types\/post"}],"author":[{"embeddable":true,"href":"https:\/\/zonaroja.com.mx\/index.php?rest_route=\/wp\/v2\/users\/2"}],"replies":[{"embeddable":true,"href":"https:\/\/zonaroja.com.mx\/index.php?rest_route=%2Fwp%2Fv2%2Fcomments&post=85661"}],"version-history":[{"count":1,"href":"https:\/\/zonaroja.com.mx\/index.php?rest_route=\/wp\/v2\/posts\/85661\/revisions"}],"predecessor-version":[{"id":85663,"href":"https:\/\/zonaroja.com.mx\/index.php?rest_route=\/wp\/v2\/posts\/85661\/revisions\/85663"}],"wp:featuredmedia":[{"embeddable":true,"href":"https:\/\/zonaroja.com.mx\/index.php?rest_route=\/wp\/v2\/media\/85662"}],"wp:attachment":[{"href":"https:\/\/zonaroja.com.mx\/index.php?rest_route=%2Fwp%2Fv2%2Fmedia&parent=85661"}],"wp:term":[{"taxonomy":"category","embeddable":true,"href":"https:\/\/zonaroja.com.mx\/index.php?rest_route=%2Fwp%2Fv2%2Fcategories&post=85661"},{"taxonomy":"post_tag","embeddable":true,"href":"https:\/\/zonaroja.com.mx\/index.php?rest_route=%2Fwp%2Fv2%2Ftags&post=85661"}],"curies":[{"name":"wp","href":"https:\/\/api.w.org\/{rel}","templated":true}]}}