{"id":85664,"date":"2025-10-11T18:35:25","date_gmt":"2025-10-12T00:35:25","guid":{"rendered":"https:\/\/zonaroja.com.mx\/?p=85664"},"modified":"2025-10-11T18:35:25","modified_gmt":"2025-10-12T00:35:25","slug":"legisladoras-rechazan-reeleccion-de-roberto-perez-delgado-por-violentar-a-las-mujeres","status":"publish","type":"post","link":"https:\/\/zonaroja.com.mx\/?p=85664","title":{"rendered":"Legisladoras rechazan reelecci\u00f3n de Roberto P\u00e9rez Delgado, por violentar a las mujeres"},"content":{"rendered":"\n<p>Lisbeth Mej\u00eda Reyes\/Zona Roja.&nbsp;<\/p>\n\n\n\n<p>Oaxaca, Oax., a 11 de octubre de 2025.- Las legisladoras Irma Pineda Santiago y Martha Aracely Cruz se pronunciaron en contra de la intenci\u00f3n del presidente municipal de San Pedro Ixtlahuaca, Roberto P\u00e9rez Delgado, para reelegirse en el cargo, por ser un violentador de mujeres.<\/p>\n\n\n\n<p>A trav\u00e9s de sus redes sociales e incluso con una protesta en la c\u00e1mara federal, las diputadas del Partido del Trabajo llamaron a la ciudadan\u00eda a reflexionar su voto para las elecciones de este 12 de octubre en esta comunidad de Sistemas Normativos Internos, de la regi\u00f3n valles centrales de Oaxaca.&nbsp;<\/p>\n\n\n\n<p>\u00abDecir \u201cno\u201d a los violentadores tambi\u00e9n es un acto pol\u00edtico. No permitamos que quienes han ejercido violencia contra las mujeres, como Roberto P\u00e9rez Delgado, presidente municipal de San Pedro Ixtlahuaca, se reelijan o lleguen al poder. La violencia no puede ocupar un cargo p\u00fablico, ni representarnos, ni hablar en nombre del pueblo\u00bb, expres\u00f3 Pineda Santiago, diputada local.<\/p>\n\n\n\n<p>Ante las elecciones en diversos municipios de Oaxaca, tambi\u00e9n exhort\u00f3 a las autoridades estatales y municipales, as\u00ed como a las electorales, a garantizar jornadas \u00ablibres, pac\u00edficas y seguras para todas las personas, en especial para las mujeres que participan como candidatas, funcionarias o votantes\u00bb.&nbsp;<\/p>\n\n\n\n<p>Por su parte, la legisladora federal Martha Aracely Cruz dijo que \u00abes inadmisible\u00bb que las autoridades permitan la candidatura de P\u00e9rez Delgado, al actuar \u00abcon tolerancia y complicidad institucional frente a la violencia de g\u00e9nero\u00bb.<\/p>\n\n\n\n<p>Al se\u00f1alar que \u00abla violencia contra las mujeres no se negocia ni se perdona\u00bb sino que \u00abse denuncia y se enfrenta\u00bb, la diputada expres\u00f3 que: \u00ab\u00a1Ning\u00fan violentador debe ocupar el poder!\u00bb&nbsp;<\/p>\n\n\n\n<p>Roberto P\u00e9rez Delgado es candidato a la presidencia de San Pedro Ixtlahuaca por la planilla blanca, en las elecciones que se realizar\u00e1n este domingo 12 de octubre.<\/p>\n\n\n\n<p>Sin embargo, arrastra acusaciones por violencia en contra de una mujer, hecho que ocurri\u00f3 en diciembre de 2024 y que qued\u00f3 registrado en un video difundido en redes sociales.<\/p>\n\n\n\n<p>En el video, el ex senador por el Partido Verde Ecologista jala del cabello a la mujer y le grita. Los hechos fueron condenados por el gobernador de Oaxaca, Salom\u00f3n Jara Cruz, conden\u00f3, quien lo llam\u00f3 a \u00absepararse del cargo y asumir las responsabilidades frente a las autoridades competentes\u00bb.<\/p>\n\n\n\n<p>La Defensor\u00eda de los Derechos Humanos del Pueblo de Oaxaca inici\u00f3 el expediente de oficio DDHPO\/9329\/(01)\/OAX\/2024 y solicit\u00f3 a la Fiscal\u00eda General del Estado intervenir en el caso. Esta \u00faltima instituci\u00f3n inform\u00f3 que hab\u00eda abierto una carpeta de investigaci\u00f3n de oficio por la agresi\u00f3n. Sin embargo, hasta ahora se desconoce la resoluci\u00f3n.<\/p>\n\n\n\n<p>El edil tambi\u00e9n se pronunci\u00f3 y dijo que se hab\u00eda separado temporalmente del cargo para no entorpecer las investigaciones. Aunque se\u00f1al\u00f3 que su actuar posiblemente fue \u00abincorrecto\u00bb, se excus\u00f3 en que fue en defensa propia y de los ciudadanos a los que hab\u00eda acudido a ayudar tras ser embestidos por un mototaxi. A decir del edil, la difusi\u00f3n del video fue para \u00absacar ventaja pol\u00edtica\u00bb y da\u00f1ar su imagen.<\/p>\n\n\n\n<p><\/p>\n","protected":false},"excerpt":{"rendered":"<p>Lisbeth Mej\u00eda Reyes\/Zona Roja.&nbsp; Oaxaca, Oax., a 11 de octubre de 2025.- Las legisladoras Irma&hellip;<\/p>\n","protected":false},"author":2,"featured_media":85362,"comment_status":"closed","ping_status":"open","sticky":false,"template":"","format":"standard","meta":{"_lmt_disableupdate":"","_lmt_disable":"","_jetpack_memberships_contains_paid_content":false,"footnotes":""},"categories":[109,47],"tags":[3264],"class_list":["post-85664","post","type-post","status-publish","format-standard","has-post-thumbnail","hentry","category-minuto-a-minuto","category-zona-gris","tag-roberto-perez-delgado"],"jetpack_featured_media_url":"https:\/\/zonaroja.com.mx\/wp-content\/uploads\/2025\/10\/Roberto-Perez-Delgado.jpg","jetpack_sharing_enabled":true,"_links":{"self":[{"href":"https:\/\/zonaroja.com.mx\/index.php?rest_route=\/wp\/v2\/posts\/85664","targetHints":{"allow":["GET"]}}],"collection":[{"href":"https:\/\/zonaroja.com.mx\/index.php?rest_route=\/wp\/v2\/posts"}],"about":[{"href":"https:\/\/zonaroja.com.mx\/index.php?rest_route=\/wp\/v2\/types\/post"}],"author":[{"embeddable":true,"href":"https:\/\/zonaroja.com.mx\/index.php?rest_route=\/wp\/v2\/users\/2"}],"replies":[{"embeddable":true,"href":"https:\/\/zonaroja.com.mx\/index.php?rest_route=%2Fwp%2Fv2%2Fcomments&post=85664"}],"version-history":[{"count":1,"href":"https:\/\/zonaroja.com.mx\/index.php?rest_route=\/wp\/v2\/posts\/85664\/revisions"}],"predecessor-version":[{"id":85665,"href":"https:\/\/zonaroja.com.mx\/index.php?rest_route=\/wp\/v2\/posts\/85664\/revisions\/85665"}],"wp:featuredmedia":[{"embeddable":true,"href":"https:\/\/zonaroja.com.mx\/index.php?rest_route=\/wp\/v2\/media\/85362"}],"wp:attachment":[{"href":"https:\/\/zonaroja.com.mx\/index.php?rest_route=%2Fwp%2Fv2%2Fmedia&parent=85664"}],"wp:term":[{"taxonomy":"category","embeddable":true,"href":"https:\/\/zonaroja.com.mx\/index.php?rest_route=%2Fwp%2Fv2%2Fcategories&post=85664"},{"taxonomy":"post_tag","embeddable":true,"href":"https:\/\/zonaroja.com.mx\/index.php?rest_route=%2Fwp%2Fv2%2Ftags&post=85664"}],"curies":[{"name":"wp","href":"https:\/\/api.w.org\/{rel}","templated":true}]}}