{"id":85669,"date":"2025-10-12T07:45:00","date_gmt":"2025-10-12T13:45:00","guid":{"rendered":"https:\/\/zonaroja.com.mx\/?p=85669"},"modified":"2025-10-12T06:22:27","modified_gmt":"2025-10-12T12:22:27","slug":"unen-esfuerzo-fiscalia-y-ayuntamiento-en-seguridad-y-procuracion-de-justicia","status":"publish","type":"post","link":"https:\/\/zonaroja.com.mx\/?p=85669","title":{"rendered":"Unen esfuerzo Fiscal\u00eda y ayuntamiento en seguridad y procuraci\u00f3n de justicia"},"content":{"rendered":"\n<p>Redacci\u00f3n\/Zona Roja.<\/p>\n\n\n\n<p>Oaxaca, Oax., a 12 de octubre de 2025.- El presidente municipal de Oaxaca de Ju\u00e1rez, Ray Chagoya, particip\u00f3 en la jornada del programa \u201cLa Fiscal\u00eda en tu Colonia\u201d, que en esta ocasi\u00f3n lleg\u00f3 a la agencia municipal de San Felipe del Agua, como parte de las acciones conjuntas entre el gobierno municipal, el Gobierno del Estado y la Fiscal\u00eda General del Estado.<\/p>\n\n\n\n<p>Durante esta actividad, en la que estuvo presente el fiscal General Bernardo Rodr\u00edguez Alamilla, se gener\u00f3 un espacio de di\u00e1logo directo con las vecinas y vecinos, quienes expresaron sus inquietudes y propuestas en temas relacionados con la seguridad vecinal, la prevenci\u00f3n del delito y el fortalecimiento de la confianza ciudadana.<\/p>\n\n\n\n<p>El presidente Ray Chagoya destac\u00f3 que este tipo de estrategias refuerzan el compromiso de su administraci\u00f3n con la construcci\u00f3n de una ciudad segura y en paz, donde la coordinaci\u00f3n entre autoridades y ciudadan\u00eda permite atender de manera m\u00e1s cercana las necesidades de cada comunidad.<\/p>\n\n\n\n<p>A lo largo de la jornada, se instalaron m\u00f3dulos de atenci\u00f3n y orientaci\u00f3n ciudadana, brindando servicios e informaci\u00f3n a las y los habitantes de la agencia, en un ambiente de colaboraci\u00f3n, intercambio de ideas y participaci\u00f3n activa.<\/p>\n\n\n\n<p>Con acciones como esta, el Gobierno Municipal de Oaxaca de Ju\u00e1rez ratifica su compromiso de escuchar, atender y trabajar junto a la gente para consolidar una ciudad limpia, segura y con bienestar para todas y todos.<\/p>\n\n\n\n<figure class=\"wp-block-embed is-type-rich is-provider-twitter wp-block-embed-twitter\"><div class=\"wp-block-embed__wrapper\">\n<div class=\"twitter-tweet\"><blockquote class=\"twitter-tweet\" data-lang=\"es\"><p lang=\"es\" dir=\"ltr\">A la agencia de San Felipe del Agua lleg\u00f3 hoy el programa \u201cFiscal\u00eda en tu comunidad\u201d, jornada de servicios que fue inaugurada por el fiscal General del Estado, <a href=\"https:\/\/twitter.com\/FiscalOaxaca?ref_src=twsrc%5Etfw\">@FiscalOaxaca<\/a>, y por el presidente municipal de Oaxaca de Ju\u00e1rez, <a href=\"https:\/\/twitter.com\/raychagoya?ref_src=twsrc%5Etfw\">@raychagoya<\/a>. <a href=\"https:\/\/t.co\/afrteaO67m\">pic.twitter.com\/afrteaO67m<\/a><\/p>&mdash; Zona Roja Oaxaca (@ZonaRoja_Oaxaca) <a href=\"https:\/\/twitter.com\/ZonaRoja_Oaxaca\/status\/1977169021322821756?ref_src=twsrc%5Etfw\">12 de octubre de 2025<\/a><\/blockquote><\/div>\n<\/div><\/figure>\n","protected":false},"excerpt":{"rendered":"<p>Redacci\u00f3n\/Zona Roja. Oaxaca, Oax., a 12 de octubre de 2025.- El presidente municipal de Oaxaca&hellip;<\/p>\n","protected":false},"author":2,"featured_media":85670,"comment_status":"closed","ping_status":"open","sticky":false,"template":"","format":"standard","meta":{"_lmt_disableupdate":"","_lmt_disable":"","_jetpack_memberships_contains_paid_content":false,"footnotes":""},"categories":[109,46],"tags":[494,148,4403],"class_list":["post-85669","post","type-post","status-publish","format-standard","has-post-thumbnail","hentry","category-minuto-a-minuto","category-zona-blanca","tag-fiscalia-general-del-estado-de-oaxaca","tag-oaxaca-de-juarez","tag-ray-chagoya"],"jetpack_featured_media_url":"https:\/\/zonaroja.com.mx\/wp-content\/uploads\/2025\/10\/Fiscalia-en-tu-comunidad-San-Felipe-del-Agua-Ray-Chagoya.jpg","jetpack_sharing_enabled":true,"_links":{"self":[{"href":"https:\/\/zonaroja.com.mx\/index.php?rest_route=\/wp\/v2\/posts\/85669","targetHints":{"allow":["GET"]}}],"collection":[{"href":"https:\/\/zonaroja.com.mx\/index.php?rest_route=\/wp\/v2\/posts"}],"about":[{"href":"https:\/\/zonaroja.com.mx\/index.php?rest_route=\/wp\/v2\/types\/post"}],"author":[{"embeddable":true,"href":"https:\/\/zonaroja.com.mx\/index.php?rest_route=\/wp\/v2\/users\/2"}],"replies":[{"embeddable":true,"href":"https:\/\/zonaroja.com.mx\/index.php?rest_route=%2Fwp%2Fv2%2Fcomments&post=85669"}],"version-history":[{"count":1,"href":"https:\/\/zonaroja.com.mx\/index.php?rest_route=\/wp\/v2\/posts\/85669\/revisions"}],"predecessor-version":[{"id":85671,"href":"https:\/\/zonaroja.com.mx\/index.php?rest_route=\/wp\/v2\/posts\/85669\/revisions\/85671"}],"wp:featuredmedia":[{"embeddable":true,"href":"https:\/\/zonaroja.com.mx\/index.php?rest_route=\/wp\/v2\/media\/85670"}],"wp:attachment":[{"href":"https:\/\/zonaroja.com.mx\/index.php?rest_route=%2Fwp%2Fv2%2Fmedia&parent=85669"}],"wp:term":[{"taxonomy":"category","embeddable":true,"href":"https:\/\/zonaroja.com.mx\/index.php?rest_route=%2Fwp%2Fv2%2Fcategories&post=85669"},{"taxonomy":"post_tag","embeddable":true,"href":"https:\/\/zonaroja.com.mx\/index.php?rest_route=%2Fwp%2Fv2%2Ftags&post=85669"}],"curies":[{"name":"wp","href":"https:\/\/api.w.org\/{rel}","templated":true}]}}