{"id":85677,"date":"2025-10-12T10:45:00","date_gmt":"2025-10-12T16:45:00","guid":{"rendered":"https:\/\/zonaroja.com.mx\/?p=85677"},"modified":"2025-10-12T06:41:53","modified_gmt":"2025-10-12T12:41:53","slug":"asegura-senador-que-gobierno-de-salomon-jara-culminara-su-sexenio-con-resultados","status":"publish","type":"post","link":"https:\/\/zonaroja.com.mx\/?p=85677","title":{"rendered":"Asegura senador que gobierno de Salom\u00f3n Jara culminar\u00e1 su sexenio con resultados"},"content":{"rendered":"\n<p>Redacci\u00f3n\/Zona Roja.<\/p>\n\n\n\n<p>Oaxaca, Oax., a 12 de octubre de 2025.- Al destacar que el gobierno de Salom\u00f3n Jara Cruz ha demostrado que con trabajo y amor al pueblo se puede transformar el estado, el senador oaxaque\u00f1o Antonino Morales Toledo tambi\u00e9n dijo estar seguro que la Primavera Oaxaque\u00f1a, continuar\u00e1 por los resultados que ha tenido, en estos tres a\u00f1os de gobierno.<\/p>\n\n\n\n<p>El legislador zapoteco se\u00f1al\u00f3 que en la democracia, el pueblo manda y en congruencia con el movimiento promueven el ejercicio de recolecci\u00f3n de firmas como lo marca el Instituto Estatal Electoral y de Participaci\u00f3n Ciudadana, (IEEPCO).<\/p>\n\n\n\n<p>A trav\u00e9s de sus redes sociales, Nino Morales comparti\u00f3 la p\u00e1gina oficial del mandatario estatal Salom\u00f3n Jara Cruz, quien a su vez, celebr\u00f3 &nbsp;que el IEEPCO, aprobara los lineamientos para que se lleve a cabo esta consulta ciudadana.<\/p>\n\n\n\n<p>Sum\u00e1ndose a esas voces que promueven este proceso, Nino Morales, se\u00f1al\u00f3 que en la democracia, el pueblo manda y destac\u00f3 que la Primavera Oaxaque\u00f1a ha demostrado que con trabajo y amor al pueblo se puede transformar nuestro estado.<\/p>\n\n\n\n<p>En ese sentido, Morales Toledo indic\u00f3 &nbsp;que el IEEPCO aprob\u00f3 que las personas que deseen ser recolectoras de firmas para realizar la consulta de revocaci\u00f3n de mandato, podr\u00e1n inscribirse para promover este proceso del 11 al 31 de octubre.&nbsp;<\/p>\n\n\n\n<p>\u00abEstamos promoviendo este ejercicio en congruencia con nuestro movimiento. El pueblo pone y el pueblo quita\u00bb, agreg\u00f3 Nino Morales, al destacar la importancia de la participaci\u00f3n ciudadana.<\/p>\n","protected":false},"excerpt":{"rendered":"<p>Redacci\u00f3n\/Zona Roja. Oaxaca, Oax., a 12 de octubre de 2025.- Al destacar que el gobierno&hellip;<\/p>\n","protected":false},"author":2,"featured_media":85678,"comment_status":"closed","ping_status":"open","sticky":false,"template":"","format":"standard","meta":{"_lmt_disableupdate":"","_lmt_disable":"","_jetpack_memberships_contains_paid_content":false,"footnotes":""},"categories":[109,46],"tags":[180],"class_list":["post-85677","post","type-post","status-publish","format-standard","has-post-thumbnail","hentry","category-minuto-a-minuto","category-zona-blanca","tag-antonino-morales-toledo"],"jetpack_featured_media_url":"https:\/\/zonaroja.com.mx\/wp-content\/uploads\/2025\/10\/Antonino-Morales-Toledo-y-militantes-Morena.jpg","jetpack_sharing_enabled":true,"_links":{"self":[{"href":"https:\/\/zonaroja.com.mx\/index.php?rest_route=\/wp\/v2\/posts\/85677","targetHints":{"allow":["GET"]}}],"collection":[{"href":"https:\/\/zonaroja.com.mx\/index.php?rest_route=\/wp\/v2\/posts"}],"about":[{"href":"https:\/\/zonaroja.com.mx\/index.php?rest_route=\/wp\/v2\/types\/post"}],"author":[{"embeddable":true,"href":"https:\/\/zonaroja.com.mx\/index.php?rest_route=\/wp\/v2\/users\/2"}],"replies":[{"embeddable":true,"href":"https:\/\/zonaroja.com.mx\/index.php?rest_route=%2Fwp%2Fv2%2Fcomments&post=85677"}],"version-history":[{"count":1,"href":"https:\/\/zonaroja.com.mx\/index.php?rest_route=\/wp\/v2\/posts\/85677\/revisions"}],"predecessor-version":[{"id":85679,"href":"https:\/\/zonaroja.com.mx\/index.php?rest_route=\/wp\/v2\/posts\/85677\/revisions\/85679"}],"wp:featuredmedia":[{"embeddable":true,"href":"https:\/\/zonaroja.com.mx\/index.php?rest_route=\/wp\/v2\/media\/85678"}],"wp:attachment":[{"href":"https:\/\/zonaroja.com.mx\/index.php?rest_route=%2Fwp%2Fv2%2Fmedia&parent=85677"}],"wp:term":[{"taxonomy":"category","embeddable":true,"href":"https:\/\/zonaroja.com.mx\/index.php?rest_route=%2Fwp%2Fv2%2Fcategories&post=85677"},{"taxonomy":"post_tag","embeddable":true,"href":"https:\/\/zonaroja.com.mx\/index.php?rest_route=%2Fwp%2Fv2%2Ftags&post=85677"}],"curies":[{"name":"wp","href":"https:\/\/api.w.org\/{rel}","templated":true}]}}