{"id":85685,"date":"2025-10-12T12:53:00","date_gmt":"2025-10-12T18:53:00","guid":{"rendered":"https:\/\/zonaroja.com.mx\/?p=85685"},"modified":"2025-10-12T07:02:39","modified_gmt":"2025-10-12T13:02:39","slug":"catean-domicilio-en-mitla-detienen-a-individuo-con-drogas","status":"publish","type":"post","link":"https:\/\/zonaroja.com.mx\/?p=85685","title":{"rendered":"Catean domicilio en Mitla; detienen a individuo con drogas"},"content":{"rendered":"\n<p>Redacci\u00f3n\/Zona Roja.<\/p>\n\n\n\n<p>Oaxaca, Oax., a 12 de octubre de 2025.- La Fiscal\u00eda General del Estado de Oaxaca (FGEO) dio cumplimiento a una orden de cateo en la regi\u00f3n de los Valles Centrales, logrando la detenci\u00f3n de una persona del sexo masculino identificado como R.C.S., adem\u00e1s de asegurar diversos tipos de drogas.<\/p>\n\n\n\n<p>El despliegue policial se efectu\u00f3 en un domicilio ubicado en la calle prolongaci\u00f3n de Ni\u00f1os H\u00e9roes de la colonia Compositores perteneciente a San Pablo Villa de Mitla, donde se logr\u00f3 el aseguramiento de diversas dosis de coca\u00edna y metanfetamina, conocida como cristal, adem\u00e1s de la detenci\u00f3n de R.C.S., quien fue puesto a disposici\u00f3n de la autoridad correspondiente para determinar su situaci\u00f3n legal.<\/p>\n\n\n\n<p>Este mandato judicial se llev\u00f3 a cabo en estrecha coordinaci\u00f3n entre elementos de la Agencia Estatal de Investigaciones (AEI) y la Vicefiscal\u00eda Regional de Valles Centrales y, deriv\u00f3 de los resultados de investigaciones realizadas en torno al delito contra la salud en su modalidad de narcomenudeo en su hip\u00f3tesis de comercio.<\/p>\n\n\n\n<p>OPERACI\u00d3N \u201cSABLE\u201d<\/p>\n\n\n\n<p>En otro caso, la Fiscal\u00eda General ejecut\u00f3 una segunda orden de aprehensi\u00f3n en contra de R. M. S., alias \u201cEl Balatas\u201d, esta vez por homicidio calificado luego de abandonar el cuerpo de la v\u00edctima en un basurero, hechos ocurridos en la regi\u00f3n del Istmo de Tehuantepec.<\/p>\n\n\n\n<p>La detenci\u00f3n se realiz\u00f3 derivado de las acciones por la Operaci\u00f3n \u201cSable\u201d; de acuerdo con la carpeta de investigaci\u00f3n, los hechos ocurrieron el 10 de abril de 2024, cuando el cuerpo sin vida de la v\u00edctima fue abandonado en el basurero de La Ventosa, en Juchit\u00e1n de Zaragoza.<\/p>\n\n\n\n<p>Derivado de estos hechos, se iniciaron las investigaciones correspondientes que quedaron a cargo de la Vicefiscal\u00eda Regional del Istmo, la cual present\u00f3 las evidencias suficientes que permitieron la obtenci\u00f3n de la orden de aprehensi\u00f3n.<\/p>\n\n\n\n<p>Gracias al cumplimiento de esta orden judicial, R.M.S., alias el \u201cEl Balatas\u201d, qued\u00f3 a disposici\u00f3n de la autoridad correspondiente para que se determine su situaci\u00f3n jur\u00eddica.<\/p>\n\n\n\n<p>Cabe mencionar que, en 2024, la FGEO logr\u00f3 ejecutar la primera orden de aprehensi\u00f3n y posterior vinculaci\u00f3n a proceso de R. M. S., alias \u201cEl Balatas\u201d, por un diferente caso de homicidio calificado con ventaja, en hechos que sucedieron el 8 de febrero de 2024.<\/p>\n","protected":false},"excerpt":{"rendered":"<p>Redacci\u00f3n\/Zona Roja. Oaxaca, Oax., a 12 de octubre de 2025.- La Fiscal\u00eda General del Estado&hellip;<\/p>\n","protected":false},"author":2,"featured_media":85686,"comment_status":"closed","ping_status":"open","sticky":false,"template":"","format":"standard","meta":{"_lmt_disableupdate":"","_lmt_disable":"","_jetpack_memberships_contains_paid_content":false,"footnotes":""},"categories":[109,46],"tags":[494],"class_list":["post-85685","post","type-post","status-publish","format-standard","has-post-thumbnail","hentry","category-minuto-a-minuto","category-zona-blanca","tag-fiscalia-general-del-estado-de-oaxaca"],"jetpack_featured_media_url":"https:\/\/zonaroja.com.mx\/wp-content\/uploads\/2025\/10\/cateo-Fiscalia-Mitla-detenido-con-droga.jpg","jetpack_sharing_enabled":true,"_links":{"self":[{"href":"https:\/\/zonaroja.com.mx\/index.php?rest_route=\/wp\/v2\/posts\/85685","targetHints":{"allow":["GET"]}}],"collection":[{"href":"https:\/\/zonaroja.com.mx\/index.php?rest_route=\/wp\/v2\/posts"}],"about":[{"href":"https:\/\/zonaroja.com.mx\/index.php?rest_route=\/wp\/v2\/types\/post"}],"author":[{"embeddable":true,"href":"https:\/\/zonaroja.com.mx\/index.php?rest_route=\/wp\/v2\/users\/2"}],"replies":[{"embeddable":true,"href":"https:\/\/zonaroja.com.mx\/index.php?rest_route=%2Fwp%2Fv2%2Fcomments&post=85685"}],"version-history":[{"count":1,"href":"https:\/\/zonaroja.com.mx\/index.php?rest_route=\/wp\/v2\/posts\/85685\/revisions"}],"predecessor-version":[{"id":85687,"href":"https:\/\/zonaroja.com.mx\/index.php?rest_route=\/wp\/v2\/posts\/85685\/revisions\/85687"}],"wp:featuredmedia":[{"embeddable":true,"href":"https:\/\/zonaroja.com.mx\/index.php?rest_route=\/wp\/v2\/media\/85686"}],"wp:attachment":[{"href":"https:\/\/zonaroja.com.mx\/index.php?rest_route=%2Fwp%2Fv2%2Fmedia&parent=85685"}],"wp:term":[{"taxonomy":"category","embeddable":true,"href":"https:\/\/zonaroja.com.mx\/index.php?rest_route=%2Fwp%2Fv2%2Fcategories&post=85685"},{"taxonomy":"post_tag","embeddable":true,"href":"https:\/\/zonaroja.com.mx\/index.php?rest_route=%2Fwp%2Fv2%2Ftags&post=85685"}],"curies":[{"name":"wp","href":"https:\/\/api.w.org\/{rel}","templated":true}]}}