{"id":85688,"date":"2025-10-12T14:03:00","date_gmt":"2025-10-12T20:03:00","guid":{"rendered":"https:\/\/zonaroja.com.mx\/?p=85688"},"modified":"2025-10-12T07:06:32","modified_gmt":"2025-10-12T13:06:32","slug":"difunden-que-jose-ramiro-hermano-de-amlo-es-dueno-de-13-ranchos","status":"publish","type":"post","link":"https:\/\/zonaroja.com.mx\/?p=85688","title":{"rendered":"Difunden que Jos\u00e9 Ramiro, hermano de AMLO, es due\u00f1o de 13 ranchos"},"content":{"rendered":"\n<p>Redacci\u00f3n\/Zona Roja Cdmx.<\/p>\n\n\n\n<p>(Informaci\u00f3n de Infobae M\u00e9xico)<\/p>\n\n\n\n<p>Ciudad de M\u00e9xico, a 12 de octubre de 2025.- Se difundi\u00f3 a trav\u00e9s de redes sociales que Jos\u00e9 Ramiro L\u00f3pez Obrador, hermano de Andr\u00e9s Manuel L\u00f3pez Obrador, figura como due\u00f1o de 13 ranchos en Tabasco, la mayor\u00eda adquiridos durante el mandato presidencial de su hermano.<\/p>\n\n\n\n<p>Seg\u00fan la publicaci\u00f3n, se trata de trece predios ubicados en el estado de Tabasco. La acusaci\u00f3n se\u00f1ala que la adquisici\u00f3n de la mayor\u00eda de las propiedades habr\u00eda ocurrido entre el 2018 y 2024, periodo en el que Andr\u00e9s Manuel L\u00f3pez Obrador ejerc\u00eda la presidencia de M\u00e9xico, lo que genera cuestionamientos sobre el origen de los bienes y posibles implicaciones \u00e9ticas o legales.<\/p>\n\n\n\n<p>La denuncia publicada por el periodista Audelino Macario incluye im\u00e1genes que detallan la informaci\u00f3n sobre cada uno de los predios se\u00f1alados. El tema ha generado debate y demanda de explicaciones p\u00fablicas, mientras diversas voces exigen investigar el origen de estas propiedades.<\/p>\n\n\n\n<p>Mientras tanto, se espera alg\u00fan tipo de r\u00e9plica que aclare el caso, por parte del mismo Jos\u00e9 Ramiro L\u00f3pez o alg\u00fan vocero.<\/p>\n\n\n\n<p>OTROS ESC\u00c1NDALOS<\/p>\n\n\n\n<p>En fechas recientes, miembros de la familia y personas cercanas a Andr\u00e9s Manuel L\u00f3pez Obrador han protagonizado varios esc\u00e1ndalos que han generado controversia en M\u00e9xico. Uno de los casos m\u00e1s notorios involucra a Andr\u00e9s Manuel L\u00f3pez Beltr\u00e1n, conocido como \u201cAndy\u201d, quien afront\u00f3 cuestionamientos tras revelarse facturas que documentaban gastos aproximados de 177 mil pesos por hospedaje en un viaje de 14 d\u00edas a Jap\u00f3n. Este gasto desat\u00f3 cr\u00edticas sobre el uso de recursos y su contraste con el salario presidencial.<\/p>\n\n\n\n<p>La figura de \u201cAndy\u201d tambi\u00e9n surgi\u00f3 en investigaciones period\u00edsticas que exhibieron presuntas redes de corrupci\u00f3n. En mayo de 2023, una indagaci\u00f3n expuesta por el periodista Carlos Loret de Mola se\u00f1al\u00f3 que amigos cercanos al hijo del expresidente habr\u00edan obtenido contratos por m\u00e1s de 100 millones de pesos con organismos p\u00fablicos como la Comisi\u00f3n Nacional del Agua y la Secretar\u00eda de Desarrollo Agrario, Territorial y Urbano. Estas revelaciones reavivaron la discusi\u00f3n sobre la influencia de allegados familiares en procedimientos gubernamentales.<\/p>\n\n\n\n<p>Por otra parte, Jos\u00e9 Ramiro L\u00f3pez Obrador, hermano del exmandatario, fue objeto de repudio durante una visita a Balanc\u00e1n, Tabasco. Ciudadanos y estudiantes lo increparon y le arrojaron agua tras minimizar la situaci\u00f3n de violencia en la regi\u00f3n y criticar la labor de los medios de comunicaci\u00f3n.<\/p>\n\n\n\n<p>En septiembre de 2025, circularon versiones de que Andr\u00e9s Manuel y Gonzalo L\u00f3pez Beltr\u00e1n hab\u00edan tramitado amparos para evitar posibles \u00f3rdenes de aprehensi\u00f3n. Tanto los se\u00f1alados como la presidenta Claudia Sheinbaum negaron rotundamente estos se\u00f1alamientos y los calificaron de campa\u00f1a de calumnias.<\/p>\n\n\n\n<p>Adem\u00e1s, el diputado panista Marcelo Torres Cofi\u00f1o acus\u00f3 a los hijos del expresidente de supuesta participaci\u00f3n en el llamado \u201cC\u00e1rtel de Palenque\u201d, lo que fue rechazado por la secretaria de Gobernaci\u00f3n, quien asegur\u00f3 que el gobierno no encubre a nadie.<\/p>\n\n\n\n<p>Estos episodios evidencian la controversia que provocan las acusaciones de corrupci\u00f3n y abuso de poder.<\/p>\n","protected":false},"excerpt":{"rendered":"<p>Redacci\u00f3n\/Zona Roja Cdmx. (Informaci\u00f3n de Infobae M\u00e9xico) Ciudad de M\u00e9xico, a 12 de octubre de&hellip;<\/p>\n","protected":false},"author":2,"featured_media":85689,"comment_status":"closed","ping_status":"open","sticky":false,"template":"","format":"standard","meta":{"_lmt_disableupdate":"","_lmt_disable":"","_jetpack_memberships_contains_paid_content":false,"footnotes":""},"categories":[109,47],"tags":[4483],"class_list":["post-85688","post","type-post","status-publish","format-standard","has-post-thumbnail","hentry","category-minuto-a-minuto","category-zona-gris","tag-jose-ramiro-lopez-obrador"],"jetpack_featured_media_url":"https:\/\/zonaroja.com.mx\/wp-content\/uploads\/2025\/10\/Jose-Ramiro-Lopez-Obrador.jpg","jetpack_sharing_enabled":true,"_links":{"self":[{"href":"https:\/\/zonaroja.com.mx\/index.php?rest_route=\/wp\/v2\/posts\/85688","targetHints":{"allow":["GET"]}}],"collection":[{"href":"https:\/\/zonaroja.com.mx\/index.php?rest_route=\/wp\/v2\/posts"}],"about":[{"href":"https:\/\/zonaroja.com.mx\/index.php?rest_route=\/wp\/v2\/types\/post"}],"author":[{"embeddable":true,"href":"https:\/\/zonaroja.com.mx\/index.php?rest_route=\/wp\/v2\/users\/2"}],"replies":[{"embeddable":true,"href":"https:\/\/zonaroja.com.mx\/index.php?rest_route=%2Fwp%2Fv2%2Fcomments&post=85688"}],"version-history":[{"count":1,"href":"https:\/\/zonaroja.com.mx\/index.php?rest_route=\/wp\/v2\/posts\/85688\/revisions"}],"predecessor-version":[{"id":85690,"href":"https:\/\/zonaroja.com.mx\/index.php?rest_route=\/wp\/v2\/posts\/85688\/revisions\/85690"}],"wp:featuredmedia":[{"embeddable":true,"href":"https:\/\/zonaroja.com.mx\/index.php?rest_route=\/wp\/v2\/media\/85689"}],"wp:attachment":[{"href":"https:\/\/zonaroja.com.mx\/index.php?rest_route=%2Fwp%2Fv2%2Fmedia&parent=85688"}],"wp:term":[{"taxonomy":"category","embeddable":true,"href":"https:\/\/zonaroja.com.mx\/index.php?rest_route=%2Fwp%2Fv2%2Fcategories&post=85688"},{"taxonomy":"post_tag","embeddable":true,"href":"https:\/\/zonaroja.com.mx\/index.php?rest_route=%2Fwp%2Fv2%2Ftags&post=85688"}],"curies":[{"name":"wp","href":"https:\/\/api.w.org\/{rel}","templated":true}]}}