{"id":85702,"date":"2025-10-13T07:17:36","date_gmt":"2025-10-13T13:17:36","guid":{"rendered":"https:\/\/zonaroja.com.mx\/?p=85702"},"modified":"2025-10-13T07:17:38","modified_gmt":"2025-10-13T13:17:38","slug":"con-hechos-salomon-jara-lleva-saneamiento-y-desarrollo-a-san-bartolo-coyotepec","status":"publish","type":"post","link":"https:\/\/zonaroja.com.mx\/?p=85702","title":{"rendered":"Con hechos, Salom\u00f3n Jara lleva saneamiento y desarrollo a San Bartolo Coyotepec"},"content":{"rendered":"\n<p>Redacci\u00f3n\/Zona Roja.<\/p>\n\n\n\n<p>Oaxaca, Oax., a 13 de octubre de 2025.- El gobernador Salom\u00f3n Jara Cruz hizo valer su compromiso con las comunidades oaxaque\u00f1as, al entregar la Planta de Tratamiento de Aguas Residuales de San Bartolo Coyotepec, que beneficiar\u00e1 a m\u00e1s de cuatro mil 700 habitantes de este municipio y zonas aleda\u00f1as.<\/p>\n\n\n\n<p>Esta obra de 14.7 millones de pesos demuestra de manera contundente que en Oaxaca se atienden los rezagos que por d\u00e9cadas fueron postergados.&nbsp;<\/p>\n\n\n\n<p>\u201cEstamos cumpliendo con la protecci\u00f3n de nuestros recursos h\u00eddricos, la salud y la vida de nuestras comunidades. Esta planta de tratamiento es un ejemplo claro de que estamos haciendo, lo que nunca se hizo por nuestro medio ambiente\u201d, destac\u00f3 Jara Cruz.&nbsp;<\/p>\n\n\n\n<p>El mandatario estatal detall\u00f3 que esta infraestructura instalada en la regi\u00f3n Valles Centrales incluye un m\u00f3dulo fotovoltaico con 110 paneles solares, un sistema de tratamiento con capacidad de ocho litros por segundo (l\/s) y diversas instalaciones que garantizar\u00e1n el manejo adecuado del agua y los residuos.&nbsp;<\/p>\n\n\n\n<p>La Primavera Oaxaque\u00f1a construye infraestructura hidrosanitaria para sanear los r\u00edos Atoyac y Salado. La planta de tratamiento de esta municipalidad y otros tres proyectos m\u00e1s evitar\u00e1n que 41.5 l\/s de aguas residuales los contaminen. &nbsp;<\/p>\n\n\n\n<p>El titular de la Comisi\u00f3n Estatal del Agua para el Bienestar (Ceabien), Neftal\u00ed Amigdael L\u00f3pez Hern\u00e1ndez, resalt\u00f3 que la obra tambi\u00e9n se suma a la estrategia estatal que busca garantizar el acceso equitativo al vital l\u00edquido en todas las regiones de Oaxaca.&nbsp;<\/p>\n\n\n\n<p>\u201cDurante a\u00f1os el saneamiento del agua fue una deuda olvidada. Estamos construyendo sistemas de agua potable, rehabilitando redes, llevando drenaje y plantas como esta, porque sabemos que el bienestar empieza por lo m\u00e1s b\u00e1sico: el acceso al agua limpia\u201d, expres\u00f3.&nbsp;<\/p>\n\n\n\n<p>Bajo una visi\u00f3n transformadora, el gobierno de Oaxaca construye por lo menos una obra en los 570 municipios del estado, trabajando desde el territorio.<\/p>\n\n\n\n<figure class=\"wp-block-embed is-type-rich is-provider-twitter wp-block-embed-twitter\"><div class=\"wp-block-embed__wrapper\">\n<div class=\"twitter-tweet\"><blockquote class=\"twitter-tweet\" data-lang=\"es\"><p lang=\"es\" dir=\"ltr\">Con la inauguraci\u00f3n de la planta de tratamiento de aguas residuales de San Bartolo Coyotepec, avanzamos un paso firme hacia el bienestar y la transformaci\u00f3n de Oaxaca, contribuyendo al cuidado de nuestro medio ambiente y a la salud de las familias oaxaque\u00f1as. <a href=\"https:\/\/t.co\/xOmMwsx1mq\">pic.twitter.com\/xOmMwsx1mq<\/a><\/p>&mdash; Salom\u00f3n Jara Cruz (@salomonj) <a href=\"https:\/\/twitter.com\/salomonj\/status\/1977498518425100428?ref_src=twsrc%5Etfw\">12 de octubre de 2025<\/a><\/blockquote><\/div>\n<\/div><\/figure>\n","protected":false},"excerpt":{"rendered":"<p>Redacci\u00f3n\/Zona Roja. Oaxaca, Oax., a 13 de octubre de 2025.- El gobernador Salom\u00f3n Jara Cruz&hellip;<\/p>\n","protected":false},"author":2,"featured_media":85703,"comment_status":"closed","ping_status":"open","sticky":false,"template":"","format":"standard","meta":{"_lmt_disableupdate":"","_lmt_disable":"","_jetpack_memberships_contains_paid_content":false,"footnotes":""},"categories":[109,46],"tags":[939],"class_list":["post-85702","post","type-post","status-publish","format-standard","has-post-thumbnail","hentry","category-minuto-a-minuto","category-zona-blanca","tag-salomon-jara-cruz"],"jetpack_featured_media_url":"https:\/\/zonaroja.com.mx\/wp-content\/uploads\/2025\/10\/Inauguracion-planta-de-tratamiento-Salomon-Jara-Coyotepec.jpg","jetpack_sharing_enabled":true,"_links":{"self":[{"href":"https:\/\/zonaroja.com.mx\/index.php?rest_route=\/wp\/v2\/posts\/85702","targetHints":{"allow":["GET"]}}],"collection":[{"href":"https:\/\/zonaroja.com.mx\/index.php?rest_route=\/wp\/v2\/posts"}],"about":[{"href":"https:\/\/zonaroja.com.mx\/index.php?rest_route=\/wp\/v2\/types\/post"}],"author":[{"embeddable":true,"href":"https:\/\/zonaroja.com.mx\/index.php?rest_route=\/wp\/v2\/users\/2"}],"replies":[{"embeddable":true,"href":"https:\/\/zonaroja.com.mx\/index.php?rest_route=%2Fwp%2Fv2%2Fcomments&post=85702"}],"version-history":[{"count":1,"href":"https:\/\/zonaroja.com.mx\/index.php?rest_route=\/wp\/v2\/posts\/85702\/revisions"}],"predecessor-version":[{"id":85704,"href":"https:\/\/zonaroja.com.mx\/index.php?rest_route=\/wp\/v2\/posts\/85702\/revisions\/85704"}],"wp:featuredmedia":[{"embeddable":true,"href":"https:\/\/zonaroja.com.mx\/index.php?rest_route=\/wp\/v2\/media\/85703"}],"wp:attachment":[{"href":"https:\/\/zonaroja.com.mx\/index.php?rest_route=%2Fwp%2Fv2%2Fmedia&parent=85702"}],"wp:term":[{"taxonomy":"category","embeddable":true,"href":"https:\/\/zonaroja.com.mx\/index.php?rest_route=%2Fwp%2Fv2%2Fcategories&post=85702"},{"taxonomy":"post_tag","embeddable":true,"href":"https:\/\/zonaroja.com.mx\/index.php?rest_route=%2Fwp%2Fv2%2Ftags&post=85702"}],"curies":[{"name":"wp","href":"https:\/\/api.w.org\/{rel}","templated":true}]}}