{"id":85705,"date":"2025-10-13T08:15:00","date_gmt":"2025-10-13T14:15:00","guid":{"rendered":"https:\/\/zonaroja.com.mx\/?p=85705"},"modified":"2025-10-13T07:47:16","modified_gmt":"2025-10-13T13:47:16","slug":"crece-inconformidad-de-burocratas-por-isr-stpeidceo-acusa-desinformacion","status":"publish","type":"post","link":"https:\/\/zonaroja.com.mx\/?p=85705","title":{"rendered":"Crece inconformidad de bur\u00f3cratas por ISR; STPEIDCEO acusa desinformaci\u00f3n\u00a0"},"content":{"rendered":"\n<p>Lisbeth Mej\u00eda Reyes\/Zona Roja.<\/p>\n\n\n\n<p>Oaxaca, Oax., a 13 de octubre de 2025.- Empleados de base del gobierno de Oaxaca, adheridos al Sindicato de Trabajadores de los Poderes del Estado e Instituciones Descentralizadas de Car\u00e1cter Estatal de Oaxaca (STPEIDCEO), comenzaron una protesta pac\u00edfica en rechazo al presunto incremento en las retenciones del Impuesto sobre la renta (ISR) sobre sus sueldos y acusaron a su dirigencia sindical de traicionarlos.&nbsp;<\/p>\n\n\n\n<p>Sin embargo, la secretaria general, Carmen Z\u00e1rate Rojas, neg\u00f3 los se\u00f1alamientos y asegur\u00f3 que todo se debe a la desinformaci\u00f3n con la que se busca \u00abconfundir a la base\u201d.<\/p>\n\n\n\n<p>Este lunes, un grupo de empleados, que fueron despedidos mediante decreto oficial en diciembre pasado y reincorporados 10 meses despu\u00e9s, efectuar\u00e1n una marcha del norte al centro de la capital.<\/p>\n\n\n\n<p>Mientras que con carteles pegados en el complejo de Ciudad Judicial, los bur\u00f3cratas se\u00f1alan que se les pretende retener el doble del impuesto que por ley pagan. Adem\u00e1s, advierten que intensificar\u00e1n sus protestas con un paro de labores y bloqueos en oficinas.&nbsp;<\/p>\n\n\n\n<p>A trav\u00e9s de un video dirigido a las y los empleados, la secretaria general del sindicato, Carmen Z\u00e1rate Rojas, dijo que hay \u00abdesinformaci\u00f3n dolosa y de mala fe que busca confundir a la base\u00bb.<\/p>\n\n\n\n<p>Asimismo, neg\u00f3 que el impuesto se duplique o que las y los bur\u00f3cratas tengan que asumir las obligaciones fiscales de su patr\u00f3n, en este caso el gobierno estatal.<\/p>\n\n\n\n<p>Aunque no aclar\u00f3 si habr\u00e1 o no un aumento en la retenci\u00f3n, la secretaria general explic\u00f3 que en abril, cuando asumi\u00f3 el nuevo comit\u00e9 el gobierno le notific\u00f3 sobre el ISR que por ley tiene que retenerse.&nbsp;<\/p>\n\n\n\n<p>Esto, a su vez, se comunica a las y los delegados sindicales, con quienes se instal\u00f3 una asamblea permanente para \u00abconstruir juntos una ruta que proteja a la base trabajadora\u00bb.&nbsp;<\/p>\n\n\n\n<p>\u00abComo trabajadores pagaremos el impuesto que por ley nos corresponde. Sin embargo, se busc\u00f3 la mejor alternativa para minimizar el impacto de este pago en nuestra econom\u00eda familiar. Una vez que cuenten con la propuesta oficial los invito a estar atentos y conocerla para valorarla y tomar juntos la mejor decisi\u00f3n\u00bb, agreg\u00f3.<\/p>\n\n\n\n<p>Para este a\u00f1o, tras la negociaci\u00f3n con el gobierno estatal y representantes del poder legislativo, el sindicato de trabajadores consigui\u00f3 un aumento del 4.6 % al sueldo base, igual al porcentaje del convenio de 2024. Adem\u00e1s de un incremento del 3.5 por ciento al concepto de ayuda de previsi\u00f3n social m\u00faltiple y 35 basificaciones totales a contratos de los niveles 1A, 5A y 8A, entre otros beneficios.<\/p>\n\n\n\n<p>El bolet\u00edn informativo de su comit\u00e9 ejecutivo, de fecha 14 de junio, enlista alrededor de 40 acuerdos y propuestas aceptadas y que son retroactivos al 1 de enero de este a\u00f1o.&nbsp;<\/p>\n\n\n\n<p>En diciembre del 2024 el congreso local aval\u00f3 la propuesta del ejecutivo estatal para suprimir mil 344 plazas, por lo que igual n\u00famero de trabajadores de base perdieron sus empleos. Sin embargo, en una primera etapa y tras las protestas de sindicalizados, se restituyeron 677 bases en enero de este a\u00f1o. El resto de afectados por el decreto 24 logr\u00f3 su reinstalaci\u00f3n tras el anuncio del gobierno estatal de agosto pasado para la restituci\u00f3n de las plazas.<\/p>\n","protected":false},"excerpt":{"rendered":"<p>Lisbeth Mej\u00eda Reyes\/Zona Roja. Oaxaca, Oax., a 13 de octubre de 2025.- Empleados de base&hellip;<\/p>\n","protected":false},"author":2,"featured_media":85706,"comment_status":"closed","ping_status":"open","sticky":false,"template":"","format":"standard","meta":{"_lmt_disableupdate":"","_lmt_disable":"","_jetpack_memberships_contains_paid_content":false,"footnotes":""},"categories":[109,47],"tags":[],"class_list":["post-85705","post","type-post","status-publish","format-standard","has-post-thumbnail","hentry","category-minuto-a-minuto","category-zona-gris"],"jetpack_featured_media_url":"https:\/\/zonaroja.com.mx\/wp-content\/uploads\/2025\/10\/Protestas-ISR-burocratas-gobierno-Oaxaca.jpg","jetpack_sharing_enabled":true,"_links":{"self":[{"href":"https:\/\/zonaroja.com.mx\/index.php?rest_route=\/wp\/v2\/posts\/85705","targetHints":{"allow":["GET"]}}],"collection":[{"href":"https:\/\/zonaroja.com.mx\/index.php?rest_route=\/wp\/v2\/posts"}],"about":[{"href":"https:\/\/zonaroja.com.mx\/index.php?rest_route=\/wp\/v2\/types\/post"}],"author":[{"embeddable":true,"href":"https:\/\/zonaroja.com.mx\/index.php?rest_route=\/wp\/v2\/users\/2"}],"replies":[{"embeddable":true,"href":"https:\/\/zonaroja.com.mx\/index.php?rest_route=%2Fwp%2Fv2%2Fcomments&post=85705"}],"version-history":[{"count":1,"href":"https:\/\/zonaroja.com.mx\/index.php?rest_route=\/wp\/v2\/posts\/85705\/revisions"}],"predecessor-version":[{"id":85707,"href":"https:\/\/zonaroja.com.mx\/index.php?rest_route=\/wp\/v2\/posts\/85705\/revisions\/85707"}],"wp:featuredmedia":[{"embeddable":true,"href":"https:\/\/zonaroja.com.mx\/index.php?rest_route=\/wp\/v2\/media\/85706"}],"wp:attachment":[{"href":"https:\/\/zonaroja.com.mx\/index.php?rest_route=%2Fwp%2Fv2%2Fmedia&parent=85705"}],"wp:term":[{"taxonomy":"category","embeddable":true,"href":"https:\/\/zonaroja.com.mx\/index.php?rest_route=%2Fwp%2Fv2%2Fcategories&post=85705"},{"taxonomy":"post_tag","embeddable":true,"href":"https:\/\/zonaroja.com.mx\/index.php?rest_route=%2Fwp%2Fv2%2Ftags&post=85705"}],"curies":[{"name":"wp","href":"https:\/\/api.w.org\/{rel}","templated":true}]}}