{"id":85727,"date":"2025-10-13T18:45:41","date_gmt":"2025-10-14T00:45:41","guid":{"rendered":"https:\/\/zonaroja.com.mx\/?p=85727"},"modified":"2025-10-13T18:45:41","modified_gmt":"2025-10-14T00:45:41","slug":"oaxaca-en-caos-por-protestas-de-burocratas-seccion-22-steuabjo-y-jubilados-contra-autoridades","status":"publish","type":"post","link":"https:\/\/zonaroja.com.mx\/?p=85727","title":{"rendered":"Oaxaca en caos por protestas de bur\u00f3cratas, Secci\u00f3n 22, STEUABJO y jubilados contra autoridades&nbsp;"},"content":{"rendered":"\n<p>Lisbeth Mej\u00eda Reyes\/Zona Roja.&nbsp;<\/p>\n\n\n\n<p>Oaxaca, Oax., a 13 de octubre de 2025.- El caos vial y las afectaciones econ\u00f3micas marcaron este lunes a la ciudad de Oaxaca, debido a las protestas emprendidas en contra de los gobiernos estatal y federal, por parte de empleados del gobierno, de docentes adheridos a la Secci\u00f3n 22 y jubilados, tambi\u00e9n de organizaciones sociales y de sindicalizados de la Universidad Aut\u00f3noma \u201cBenito Ju\u00e1rez\u201d de Oaxaca.<\/p>\n\n\n\n<p>La jornada comenz\u00f3 con el paro de 48 horas de docentes del nivel de Pueblos Originarios de la Secci\u00f3n 22, quienes instalaron un \u201cplant\u00f3n\u201d en el z\u00f3calo y alrededores del Palacio de Gobierno. Adem\u00e1s de que marcharon del monumento a Ju\u00e1rez (crucero de Huay\u00e1pam) hacia el centro de la ciudad y bloquearon calzada H\u00e9roes de Chapultepec, el crucero del estadio de b\u00e9isbol y el crucero de la gasolinera del DIF, as\u00ed los accesos a la carretera al cerro del \u201cFort\u00edn\u201d.<\/p>\n\n\n\n<p>La exigencia de los docentes, que comenz\u00f3 con una marcha el 4 de octubre, es que el gobierno estatal reconozca a la Direcci\u00f3n General de los Pueblos Originarios de Oaxaca (DGEPOO), creada en el 2019. Tambi\u00e9n para que garantice presupuesto y personal para las escuelas.&nbsp;<\/p>\n\n\n\n<p>STEUABJO CONTRA RECTOR&nbsp;<\/p>\n\n\n\n<p>El Sindicato de Trabajadores y Empleados de la Universidad Aut\u00f3noma \u201cBenito Ju\u00e1rez\u201d de Oaxaca (STEUABJO) tambi\u00e9n se manifest\u00f3 en contra del rector de la UABJO, Cristian \u00c9der Carre\u00f1o. La manifestaci\u00f3n comenz\u00f3 desde el pasado 2 &nbsp;de octubre con la \u201ctoma\u201d de la rector\u00eda ante la presunta contrataci\u00f3n de personal a sus espaldas.&nbsp;<\/p>\n\n\n\n<p>La semana pasada tambi\u00e9n denunciaron la irrupci\u00f3n de grupos de \u201cporros\u201d por parte del rector para disolver la manifestaci\u00f3n.<\/p>\n\n\n\n<p>LOS BUR\u00d3CRATAS&nbsp;<\/p>\n\n\n\n<p>Sindicalizados del gobierno estatal que hab\u00edan sido afectados por el decreto 24 (de la eliminaci\u00f3n de plazas) y que lograron recuperar sus bases, tambi\u00e9n se manifestaron durante la ma\u00f1ana para denunciar la presunta retenci\u00f3n ilegal del Impuesto sobre la Renta (ISR).&nbsp;<\/p>\n\n\n\n<p>Los inconformesnarremetieron en contra de la secretaria general del Sindicato de Trabajadores de los Poderes del Estado e Instituciones Descentralizadas de Car\u00e1cter Estatal de Oaxaca (STPEIDCEO), Carmen Z\u00e1rate Rojas, por \u00abvender\u00bb al sindicato y permitir el cobro ilegal del impuesto sobre la renta (ISR).<\/p>\n\n\n\n<p>Tambi\u00e9n se fueron en contra del gobernador, Salom\u00f3n Jara, a quien acusaron de querer retenerles el doble del ISR y pagarles mediante una tarjeta.&nbsp;<\/p>\n\n\n\n<p>En conferencia de prensa, el mandatario neg\u00f3 los se\u00f1alamientos, como antes lo hizo la representante sindical.&nbsp;<\/p>\n\n\n\n<p>Aunque ambas partes reiteraron que no se les cobrar\u00e1 el doble del impuesto que por ley se entrega a la federaci\u00f3n, ni el gobierno ni el sindicato han especificado si este aumentar\u00e1 o no, \u00fanicamente han dicho que se analiza la mejor propuesta para no afectar a las y los trabajadores.<\/p>\n\n\n\n<p>LOS DE SALUD<\/p>\n\n\n\n<p>Otra protesta, con bloqueo incluido, fue la del Sindicato Independiente de Trabajadores y Profesionales en Salud, que se instal\u00f3 frente a las oficinas de la dependencia en la calle J. P. Garc\u00eda, para exigir correcci\u00f3n de nombramientos, respeto al escalaf\u00f3n sindical, entre otras demandas. La manifestaci\u00f3n afect\u00f3 la circulaci\u00f3n en la calle J. P. Garc\u00eda y en Tinoco y Palacios.<\/p>\n\n\n\n<p>SUPERVISORES Y JUBILADOS&nbsp;<\/p>\n\n\n\n<p>Supervisores y jefes de sector, de la Secci\u00f3n 22 del SNTE, reactivaron sus bloqueos en la ciudad.&nbsp;<\/p>\n\n\n\n<p>Uno de los puntos afectados fue el de las calles Bustamante y avenida Perif\u00e9rico y 20 de Noviembre y Perif\u00e9rico.&nbsp;<\/p>\n\n\n\n<p>En su caso, es la tercera semana de protestas para exigir el reconocimiento y asignaci\u00f3n de claves para m\u00e1s de 100 supervisores y aproximadamente 30 jefes de sector, adem\u00e1s del pago de salarios.<\/p>\n\n\n\n<p>Seg\u00fan el gobierno estatal, su protesta ya no tiene sentido, pues la Secretar\u00eda de Educaci\u00f3n P\u00fablica (SEP) ya se comprometi\u00f3 con un presupuesto y a este se integrar\u00e1n los 38 millones de pesos que han solicitado los manifestantes.<\/p>\n\n\n\n<p>Como los supervisores, otra protesta que se mantiene es la del Frente de Lucha de Jubilados 2015-2025 que este lunes inicia su segunda semana.&nbsp;<\/p>\n\n\n\n<p>Los ex docentes volvieron a bloquear la sede de la Secci\u00f3n 22 en la calle Armenta y L\u00f3pez para exigir la restituci\u00f3n de su derecho a proponer que un familiar herede sus plazas, como era antes de la reforma educativa del 2015.<\/p>\n\n\n\n<p>EL ANUNCIO<\/p>\n\n\n\n<p>Este martes continuar\u00e1 la protesta de los docentes del nivel de educaci\u00f3n ind\u00edgena de la Secci\u00f3n 22.&nbsp;<\/p>\n\n\n\n<p>Sin embargo, el magisterio oaxaque\u00f1o tambi\u00e9n alista una nueva jornada de protesta para el 17 de octubre como parte de la movilizaci\u00f3n nacional de la Coordinadora Nacional de Trabajadores de la Educaci\u00f3n (CNTE).&nbsp;<\/p>\n\n\n\n<p>Adem\u00e1s de la protesta en la Ciudad de M\u00e9xico, la Secci\u00f3n 22, que es parte de la coordinadora, prepara la toma de casetas y bloqueos en el estado de Oaxaca para este viernes.<\/p>\n","protected":false},"excerpt":{"rendered":"<p>Lisbeth Mej\u00eda Reyes\/Zona Roja.&nbsp; Oaxaca, Oax., a 13 de octubre de 2025.- El caos vial&hellip;<\/p>\n","protected":false},"author":2,"featured_media":85722,"comment_status":"closed","ping_status":"open","sticky":false,"template":"","format":"standard","meta":{"_lmt_disableupdate":"","_lmt_disable":"","_jetpack_memberships_contains_paid_content":false,"footnotes":""},"categories":[109,47],"tags":[],"class_list":["post-85727","post","type-post","status-publish","format-standard","has-post-thumbnail","hentry","category-minuto-a-minuto","category-zona-gris"],"jetpack_featured_media_url":"https:\/\/zonaroja.com.mx\/wp-content\/uploads\/2025\/10\/Planton-Seccion-22-zocalo.jpg","jetpack_sharing_enabled":true,"_links":{"self":[{"href":"https:\/\/zonaroja.com.mx\/index.php?rest_route=\/wp\/v2\/posts\/85727","targetHints":{"allow":["GET"]}}],"collection":[{"href":"https:\/\/zonaroja.com.mx\/index.php?rest_route=\/wp\/v2\/posts"}],"about":[{"href":"https:\/\/zonaroja.com.mx\/index.php?rest_route=\/wp\/v2\/types\/post"}],"author":[{"embeddable":true,"href":"https:\/\/zonaroja.com.mx\/index.php?rest_route=\/wp\/v2\/users\/2"}],"replies":[{"embeddable":true,"href":"https:\/\/zonaroja.com.mx\/index.php?rest_route=%2Fwp%2Fv2%2Fcomments&post=85727"}],"version-history":[{"count":1,"href":"https:\/\/zonaroja.com.mx\/index.php?rest_route=\/wp\/v2\/posts\/85727\/revisions"}],"predecessor-version":[{"id":85728,"href":"https:\/\/zonaroja.com.mx\/index.php?rest_route=\/wp\/v2\/posts\/85727\/revisions\/85728"}],"wp:featuredmedia":[{"embeddable":true,"href":"https:\/\/zonaroja.com.mx\/index.php?rest_route=\/wp\/v2\/media\/85722"}],"wp:attachment":[{"href":"https:\/\/zonaroja.com.mx\/index.php?rest_route=%2Fwp%2Fv2%2Fmedia&parent=85727"}],"wp:term":[{"taxonomy":"category","embeddable":true,"href":"https:\/\/zonaroja.com.mx\/index.php?rest_route=%2Fwp%2Fv2%2Fcategories&post=85727"},{"taxonomy":"post_tag","embeddable":true,"href":"https:\/\/zonaroja.com.mx\/index.php?rest_route=%2Fwp%2Fv2%2Ftags&post=85727"}],"curies":[{"name":"wp","href":"https:\/\/api.w.org\/{rel}","templated":true}]}}