{"id":8573,"date":"2020-02-08T21:23:13","date_gmt":"2020-02-09T03:23:13","guid":{"rendered":"http:\/\/www.zonaroja.com.mx\/?p=8573"},"modified":"2020-02-08T21:23:16","modified_gmt":"2020-02-09T03:23:16","slug":"se-enreda-fge-con-cifras-alegres-de-justicia-redujeron-detenciones-en-2019","status":"publish","type":"post","link":"https:\/\/zonaroja.com.mx\/?p=8573","title":{"rendered":"Se enreda FGE con cifras \u201calegres\u201d de justicia; redujeron detenciones en 2019"},"content":{"rendered":"\n<p>Yuridiana\nSosa\/Zona Roja.<\/p>\n\n\n\n<p>Oaxaca\nde Ju\u00e1rez, Oax., 8 de febrero de 2020.-&nbsp;\nEn su intento por destacar las acciones de procuraci\u00f3n de justicia en la\nentidad, ante los resultados negativos, la Fiscal\u00eda General del Estado de\nOaxaca dio a conocer cifras \u201cmaquilladas\u201d sobre las ordenes de aprehensi\u00f3n que\nejecut\u00f3 en el 2019, en comparaci\u00f3n al a\u00f1o anterior.<\/p>\n\n\n\n<p>A\ntrav\u00e9s de su cuenta oficial de Twitter, la Fiscal\u00eda destac\u00f3 que durante el\nreciente a\u00f1o concluido se ejecutaron m\u00e1s detenciones que en el 2018, con un\nsupuesto incremento de 177 por ciento. Adem\u00e1s de integrar 44 mil 448 carpetas\nde investigaci\u00f3n, que son 5.8 por ciento m\u00e1s que el a\u00f1o anterior.<\/p>\n\n\n\n<p>La\nreciente informaci\u00f3n presentada por la dependencia estatal presumi\u00f3 que en 2019\nse llevaron a cabo 769 \u00f3rdenes de aprehensi\u00f3n, mientras que en el 2018 se\nefectuaron 277 acciones de este tipo.<\/p>\n\n\n\n<p>La\nfalsedad de los datos qued\u00f3 en evidencia por la misma Fiscal\u00eda General del\nEstado, a trav\u00e9s de la Agencia Estatal de Investigaciones, de un reporte\nemitido en enero del 2019, como parte de su informa anual, donde expone que en\nel 2018 se cumplieron 883 \u00f3rdenes de aprehensi\u00f3n.<\/p>\n\n\n\n<p>Hasta\nel momento, el desempe\u00f1o Rub\u00e9n Vasconcelos M\u00e9ndez al frente de la Fiscal\u00eda para\nejercer justicia, sigue sin convencer a asociaciones sociales, organismos\ndefensores de derechos humanos, grupos defensores de las mujeres y hasta a la\npropia 64 Legislatura del Congreso local, que cada uno en su momento ha exigido\nsu renuncia ante la ola creciente de violencia.<\/p>\n","protected":false},"excerpt":{"rendered":"<p>Yuridiana Sosa\/Zona Roja. Oaxaca de Ju\u00e1rez, Oax., 8 de febrero de 2020.-&nbsp; En su intento&hellip;<\/p>\n","protected":false},"author":2,"featured_media":8574,"comment_status":"closed","ping_status":"open","sticky":false,"template":"","format":"standard","meta":{"_lmt_disableupdate":"","_lmt_disable":"","_jetpack_memberships_contains_paid_content":false,"footnotes":""},"categories":[109,47],"tags":[494],"class_list":["post-8573","post","type-post","status-publish","format-standard","has-post-thumbnail","hentry","category-minuto-a-minuto","category-zona-gris","tag-fiscalia-general-del-estado-de-oaxaca"],"jetpack_featured_media_url":"https:\/\/zonaroja.com.mx\/wp-content\/uploads\/2020\/02\/IMG_6776.jpg","jetpack_sharing_enabled":true,"_links":{"self":[{"href":"https:\/\/zonaroja.com.mx\/index.php?rest_route=\/wp\/v2\/posts\/8573","targetHints":{"allow":["GET"]}}],"collection":[{"href":"https:\/\/zonaroja.com.mx\/index.php?rest_route=\/wp\/v2\/posts"}],"about":[{"href":"https:\/\/zonaroja.com.mx\/index.php?rest_route=\/wp\/v2\/types\/post"}],"author":[{"embeddable":true,"href":"https:\/\/zonaroja.com.mx\/index.php?rest_route=\/wp\/v2\/users\/2"}],"replies":[{"embeddable":true,"href":"https:\/\/zonaroja.com.mx\/index.php?rest_route=%2Fwp%2Fv2%2Fcomments&post=8573"}],"version-history":[{"count":1,"href":"https:\/\/zonaroja.com.mx\/index.php?rest_route=\/wp\/v2\/posts\/8573\/revisions"}],"predecessor-version":[{"id":8575,"href":"https:\/\/zonaroja.com.mx\/index.php?rest_route=\/wp\/v2\/posts\/8573\/revisions\/8575"}],"wp:featuredmedia":[{"embeddable":true,"href":"https:\/\/zonaroja.com.mx\/index.php?rest_route=\/wp\/v2\/media\/8574"}],"wp:attachment":[{"href":"https:\/\/zonaroja.com.mx\/index.php?rest_route=%2Fwp%2Fv2%2Fmedia&parent=8573"}],"wp:term":[{"taxonomy":"category","embeddable":true,"href":"https:\/\/zonaroja.com.mx\/index.php?rest_route=%2Fwp%2Fv2%2Fcategories&post=8573"},{"taxonomy":"post_tag","embeddable":true,"href":"https:\/\/zonaroja.com.mx\/index.php?rest_route=%2Fwp%2Fv2%2Ftags&post=8573"}],"curies":[{"name":"wp","href":"https:\/\/api.w.org\/{rel}","templated":true}]}}